{"id":21900,"date":"2024-07-12T07:38:55","date_gmt":"2024-07-12T12:38:55","guid":{"rendered":"https:\/\/www.boyacaleinforma.com\/?p=21900"},"modified":"2024-07-12T07:42:42","modified_gmt":"2024-07-12T12:42:42","slug":"la-economia-colombiana-muestra-signos-de-recuperacion-ministro-bonilla-anuncia-medidas-estimulo-copy-copy-copy-copy-copy","status":"publish","type":"post","link":"https:\/\/www.boyacaleinforma.com\/?p=21900","title":{"rendered":"Bart Lemmen: De \u00faltimo recurso a pieza clave en el Tour de Francia"},"content":{"rendered":"\t\t<div data-elementor-type=\"wp-post\" data-elementor-id=\"21900\" class=\"elementor elementor-21900\" data-elementor-post-type=\"post\">\n\t\t\t\t\t\t<section class=\"elementor-section elementor-top-section elementor-element elementor-element-62b311ee elementor-section-boxed elementor-section-height-default elementor-section-height-default\" data-id=\"62b311ee\" data-element_type=\"section\" data-e-type=\"section\">\n\t\t\t\t\t\t<div class=\"elementor-container elementor-column-gap-default\">\n\t\t\t\t\t<div class=\"elementor-column elementor-col-100 elementor-top-column elementor-element elementor-element-22e424c5\" data-id=\"22e424c5\" data-element_type=\"column\" data-e-type=\"column\">\n\t\t\t<div class=\"elementor-widget-wrap elementor-element-populated\">\n\t\t\t\t\t\t<div class=\"elementor-element elementor-element-7799c32 elementor-widget elementor-widget-image\" data-id=\"7799c32\" data-element_type=\"widget\" data-e-type=\"widget\" data-widget_type=\"image.default\">\n\t\t\t\t<div class=\"elementor-widget-container\">\n\t\t\t\t\t\t\t\t\t\t\t\t<figure class=\"wp-caption\">\n\t\t\t\t\t\t\t\t\t\t<img loading=\"lazy\" width=\"640\" height=\"438\" src=\"https:\/\/www.boyacaleinforma.com\/wp-content\/uploads\/2024\/07\/ciclo-21-768x525.jpg\" class=\"attachment-medium_large size-medium_large wp-image-21906\" alt=\"ciclo 21\" srcset=\"https:\/\/www.boyacaleinforma.com\/wp-content\/uploads\/2024\/07\/ciclo-21-768x525.jpg 768w, https:\/\/www.boyacaleinforma.com\/wp-content\/uploads\/2024\/07\/ciclo-21-300x205.jpg 300w, https:\/\/www.boyacaleinforma.com\/wp-content\/uploads\/2024\/07\/ciclo-21.jpg 1024w\" sizes=\"auto, (max-width: 640px) 100vw, 640px\" loading=\"lazy\" decoding=\"async\" \/>\t\t\t\t\t\t\t\t\t\t\t<figcaption class=\"widget-image-caption wp-caption-text\">Foto: Ciclo 21<\/figcaption>\n\t\t\t\t\t\t\t\t\t\t<\/figure>\n\t\t\t\t\t\t\t\t\t<\/div>\n\t\t\t\t<\/div>\n\t\t\t\t<div class=\"elementor-element elementor-element-16316330 elementor-widget elementor-widget-text-editor\" data-id=\"16316330\" data-element_type=\"widget\" data-e-type=\"widget\" data-widget_type=\"text-editor.default\">\n\t\t\t\t<div class=\"elementor-widget-container\">\n\t\t\t\t\t\t\t\t\t<p class=\"western\" align=\"justify\"><span style=\"font-family: Arial, sans-serif;\"><span style=\"font-size: medium;\"><span style=\"color: #000000;\"><span style=\"font-family: Arial, serif;\">Este mes de julio ser\u00e1 inolvidable para muchos, pero pocos deben estar m\u00e1s felices que Bart Lemmen. El ciclista del equipo Visma Lease a Bike ha vivido una transformaci\u00f3n radical en su carrera profesional. Inicialmente, Lemmen entr\u00f3 al Tour de Francia como reemplazo de \u00faltima hora, pero su desempe\u00f1o ha sido tan destacado que el equipo ha decidido renovarle el contrato.<br \/><br \/>Lemmen, un exmilitar de 28 a\u00f1os, lleva solo dos temporadas como profesional. A pesar de su limitada experiencia, ya hab\u00eda mostrado destellos de su talento en competiciones menores. Sin embargo, su participaci\u00f3n en la Grande Boucle como gregario ha sido determinante para su futuro en el equipo.<br \/><br \/>\u201cSiento la confianza de mis compa\u00f1eros y el equipo. Estoy feliz de seguir otros dos a\u00f1os\u201d, expres\u00f3 Lemmen, visiblemente emocionado por la oportunidad de continuar su carrera con Visma Lease a Bike.<br \/><br \/>El director deportivo principal del equipo, Merijn Zeeman, tambi\u00e9n comparti\u00f3 su entusiasmo por el desarrollo de Lemmen. \u201cSu desarrollo ha sido mete\u00f3rico\u201d, afirm\u00f3 Zeeman, destacando la r\u00e1pida evoluci\u00f3n y adaptaci\u00f3n del ciclista al m\u00e1ximo nivel de competici\u00f3n.<br \/><br \/>La historia de Lemmen es un testimonio de c\u00f3mo las oportunidades inesperadas pueden cambiar el rumbo de una carrera. Entrar al Tour de Francia como un sustituto de \u00faltimo minuto y ganarse un nuevo contrato es una haza\u00f1a que pocos logran. Sin duda, Bart Lemmen se ha convertido en una pieza clave para su equipo y en un ejemplo de perseverancia y talento en el mundo del ciclismo profesional.<\/span><\/span><\/span><\/span><\/p>\t\t\t\t\t\t\t\t<\/div>\n\t\t\t\t<\/div>\n\t\t\t\t\t<\/div>\n\t\t<\/div>\n\t\t\t\t\t<\/div>\n\t\t<\/section>\n\t\t\t\t<section class=\"elementor-section elementor-top-section elementor-element elementor-element-ac20cbd elementor-section-boxed elementor-section-height-default elementor-section-height-default\" data-id=\"ac20cbd\" data-element_type=\"section\" data-e-type=\"section\">\n\t\t\t\t\t\t<div class=\"elementor-container elementor-column-gap-default\">\n\t\t\t\t\t<div class=\"elementor-column elementor-col-100 elementor-top-column elementor-element elementor-element-10da45b\" data-id=\"10da45b\" data-element_type=\"column\" data-e-type=\"column\">\n\t\t\t<div class=\"elementor-widget-wrap elementor-element-populated\">\n\t\t\t\t\t\t<div class=\"elementor-element elementor-element-4c8136e elementor-widget__width-initial elementor-widget elementor-widget-button\" data-id=\"4c8136e\" data-element_type=\"widget\" data-e-type=\"widget\" data-widget_type=\"button.default\">\n\t\t\t\t<div class=\"elementor-widget-container\">\n\t\t\t\t\t\t\t\t\t<div class=\"elementor-button-wrapper\">\n\t\t\t\t\t<a class=\"elementor-button elementor-button-link elementor-size-sm\" href=\"https:\/\/whatsapp.com\/channel\/0029VaAjfv330LKT2pE2UU0q\">\n\t\t\t\t\t\t<span class=\"elementor-button-content-wrapper\">\n\t\t\t\t\t\t<span class=\"elementor-button-icon\">\n\t\t\t\t<i aria-hidden=\"true\" class=\"fab fa-whatsapp\"><\/i>\t\t\t<\/span>\n\t\t\t\t\t\t\t\t\t<span class=\"elementor-button-text\">S\u00edganos en nuestro canal de Whatsapp<\/span>\n\t\t\t\t\t<\/span>\n\t\t\t\t\t<\/a>\n\t\t\t\t<\/div>\n\t\t\t\t\t\t\t\t<\/div>\n\t\t\t\t<\/div>\n\t\t\t\t<div class=\"elementor-element elementor-element-8d33fa0 elementor-widget__width-initial elementor-widget elementor-widget-button\" data-id=\"8d33fa0\" data-element_type=\"widget\" data-e-type=\"widget\" data-widget_type=\"button.default\">\n\t\t\t\t<div class=\"elementor-widget-container\">\n\t\t\t\t\t\t\t\t\t<div class=\"elementor-button-wrapper\">\n\t\t\t\t\t<a class=\"elementor-button elementor-button-link elementor-size-sm\" href=\"https:\/\/x.com\/BoyacaLEinforma\">\n\t\t\t\t\t\t<span class=\"elementor-button-content-wrapper\">\n\t\t\t\t\t\t<span class=\"elementor-button-icon\">\n\t\t\t\t<i aria-hidden=\"true\" class=\"fab fa-x-twitter-square\"><\/i>\t\t\t<\/span>\n\t\t\t\t\t\t\t\t\t<span class=\"elementor-button-text\">S\u00edganos en X<\/span>\n\t\t\t\t\t<\/span>\n\t\t\t\t\t<\/a>\n\t\t\t\t<\/div>\n\t\t\t\t\t\t\t\t<\/div>\n\t\t\t\t<\/div>\n\t\t\t\t\t<\/div>\n\t\t<\/div>\n\t\t\t\t\t<\/div>\n\t\t<\/section>\n\t\t\t\t<section class=\"elementor-section elementor-top-section elementor-element elementor-element-8082daa elementor-section-boxed elementor-section-height-default elementor-section-height-default\" data-id=\"8082daa\" data-element_type=\"section\" data-e-type=\"section\">\n\t\t\t\t\t\t<div class=\"elementor-container elementor-column-gap-default\">\n\t\t\t\t\t<div class=\"elementor-column elementor-col-100 elementor-top-column elementor-element elementor-element-08d9d5a\" data-id=\"08d9d5a\" data-element_type=\"column\" data-e-type=\"column\">\n\t\t\t<div class=\"elementor-widget-wrap elementor-element-populated\">\n\t\t\t\t\t\t<div class=\"elementor-element elementor-element-5a76dcb elementor-widget__width-initial elementor-widget elementor-widget-button\" data-id=\"5a76dcb\" data-element_type=\"widget\" data-e-type=\"widget\" data-widget_type=\"button.default\">\n\t\t\t\t<div class=\"elementor-widget-container\">\n\t\t\t\t\t\t\t\t\t<div class=\"elementor-button-wrapper\">\n\t\t\t\t\t<a class=\"elementor-button elementor-button-link elementor-size-sm\" href=\"https:\/\/www.facebook.com\/Boyacaleinforma\">\n\t\t\t\t\t\t<span class=\"elementor-button-content-wrapper\">\n\t\t\t\t\t\t<span class=\"elementor-button-icon\">\n\t\t\t\t<i aria-hidden=\"true\" class=\"fab fa-facebook\"><\/i>\t\t\t<\/span>\n\t\t\t\t\t\t\t\t\t<span class=\"elementor-button-text\">S\u00edganos en facebook<\/span>\n\t\t\t\t\t<\/span>\n\t\t\t\t\t<\/a>\n\t\t\t\t<\/div>\n\t\t\t\t\t\t\t\t<\/div>\n\t\t\t\t<\/div>\n\t\t\t\t<div class=\"elementor-element elementor-element-090a23f elementor-widget__width-initial elementor-widget elementor-widget-button\" data-id=\"090a23f\" data-element_type=\"widget\" data-e-type=\"widget\" data-widget_type=\"button.default\">\n\t\t\t\t<div class=\"elementor-widget-container\">\n\t\t\t\t\t\t\t\t\t<div class=\"elementor-button-wrapper\">\n\t\t\t\t\t<a class=\"elementor-button elementor-button-link elementor-size-sm\" href=\"https:\/\/www.instagram.com\/boyacaleinforma\/\">\n\t\t\t\t\t\t<span class=\"elementor-button-content-wrapper\">\n\t\t\t\t\t\t<span class=\"elementor-button-icon\">\n\t\t\t\t<i aria-hidden=\"true\" class=\"fab fa-instagram\"><\/i>\t\t\t<\/span>\n\t\t\t\t\t\t\t\t\t<span class=\"elementor-button-text\">S\u00edganos en Instagram<\/span>\n\t\t\t\t\t<\/span>\n\t\t\t\t\t<\/a>\n\t\t\t\t<\/div>\n\t\t\t\t\t\t\t\t<\/div>\n\t\t\t\t<\/div>\n\t\t\t\t\t<\/div>\n\t\t<\/div>\n\t\t\t\t\t<\/div>\n\t\t<\/section>\n\t\t\t\t<section class=\"elementor-section elementor-top-section elementor-element elementor-element-0856796 elementor-section-boxed elementor-section-height-default elementor-section-height-default\" data-id=\"0856796\" data-element_type=\"section\" data-e-type=\"section\">\n\t\t\t\t\t\t<div class=\"elementor-container elementor-column-gap-default\">\n\t\t\t\t\t<div class=\"elementor-column elementor-col-100 elementor-top-column elementor-element elementor-element-6979e4d\" data-id=\"6979e4d\" data-element_type=\"column\" data-e-type=\"column\">\n\t\t\t<div class=\"elementor-widget-wrap elementor-element-populated\">\n\t\t\t\t\t\t<div class=\"elementor-element elementor-element-f45ea9d elementor-widget elementor-widget-button\" data-id=\"f45ea9d\" data-element_type=\"widget\" data-e-type=\"widget\" data-widget_type=\"button.default\">\n\t\t\t\t<div class=\"elementor-widget-container\">\n\t\t\t\t\t\t\t\t\t<div class=\"elementor-button-wrapper\">\n\t\t\t\t\t<a class=\"elementor-button elementor-button-link elementor-size-sm\" href=\"https:\/\/www.youtube.com\/channel\/UCGVsETSHpTEGKml3omnlscA\">\n\t\t\t\t\t\t<span class=\"elementor-button-content-wrapper\">\n\t\t\t\t\t\t<span class=\"elementor-button-icon\">\n\t\t\t\t<i aria-hidden=\"true\" class=\"fab fa-youtube\"><\/i>\t\t\t<\/span>\n\t\t\t\t\t\t\t\t\t<span class=\"elementor-button-text\">S\u00edganos en Youtube<\/span>\n\t\t\t\t\t<\/span>\n\t\t\t\t\t<\/a>\n\t\t\t\t<\/div>\n\t\t\t\t\t\t\t\t<\/div>\n\t\t\t\t<\/div>\n\t\t\t\t\t<\/div>\n\t\t<\/div>\n\t\t\t\t\t<\/div>\n\t\t<\/section>\n\t\t\t\t<\/div>\n\t\t","protected":false},"excerpt":{"rendered":"<p>Foto: Ciclo 21 Este mes de julio ser\u00e1 inolvidable para muchos, pero pocos deben estar m\u00e1s felices que<\/p>\n","protected":false},"author":1,"featured_media":21906,"comment_status":"open","ping_status":"open","sticky":false,"template":"","format":"image","meta":{"om_disable_all_campaigns":false,"_monsterinsights_skip_tracking":false,"_monsterinsights_sitenote_active":false,"_monsterinsights_sitenote_note":"","_monsterinsights_sitenote_category":0,"footnotes":""},"categories":[7],"tags":[10],"class_list":["post-21900","post","type-post","status-publish","format-image","has-post-thumbnail","hentry","category-deportes","tag-noticias","post_format-post-format-image"],"aioseo_notices":[],"_links":{"self":[{"href":"https:\/\/www.boyacaleinforma.com\/index.php?rest_route=\/wp\/v2\/posts\/21900","targetHints":{"allow":["GET"]}}],"collection":[{"href":"https:\/\/www.boyacaleinforma.com\/index.php?rest_route=\/wp\/v2\/posts"}],"about":[{"href":"https:\/\/www.boyacaleinforma.com\/index.php?rest_route=\/wp\/v2\/types\/post"}],"author":[{"embeddable":true,"href":"https:\/\/www.boyacaleinforma.com\/index.php?rest_route=\/wp\/v2\/users\/1"}],"replies":[{"embeddable":true,"href":"https:\/\/www.boyacaleinforma.com\/index.php?rest_route=%2Fwp%2Fv2%2Fcomments&post=21900"}],"version-history":[{"count":0,"href":"https:\/\/www.boyacaleinforma.com\/index.php?rest_route=\/wp\/v2\/posts\/21900\/revisions"}],"wp:featuredmedia":[{"embeddable":true,"href":"https:\/\/www.boyacaleinforma.com\/index.php?rest_route=\/wp\/v2\/media\/21906"}],"wp:attachment":[{"href":"https:\/\/www.boyacaleinforma.com\/index.php?rest_route=%2Fwp%2Fv2%2Fmedia&parent=21900"}],"wp:term":[{"taxonomy":"category","embeddable":true,"href":"https:\/\/www.boyacaleinforma.com\/index.php?rest_route=%2Fwp%2Fv2%2Fcategories&post=21900"},{"taxonomy":"post_tag","embeddable":true,"href":"https:\/\/www.boyacaleinforma.com\/index.php?rest_route=%2Fwp%2Fv2%2Ftags&post=21900"}],"curies":[{"name":"wp","href":"https:\/\/api.w.org\/{rel}","templated":true}]}}