{"id":22507,"date":"2024-07-26T09:08:32","date_gmt":"2024-07-26T14:08:32","guid":{"rendered":"https:\/\/www.boyacaleinforma.com\/?p=22507"},"modified":"2024-07-26T09:49:32","modified_gmt":"2024-07-26T14:49:32","slug":"tunja-se-prepara-para-su-primer-dia-sin-carro-y-sin-moto-el-1-de-agosto-copy","status":"publish","type":"post","link":"https:\/\/www.boyacaleinforma.com\/?p=22507","title":{"rendered":"Alarma desde la Contralor\u00eda General de la Rep\u00fablica: Fuerte ca\u00edda en el recaudo tributario del primer semestre de 2024"},"content":{"rendered":"\t\t<div data-elementor-type=\"wp-post\" data-elementor-id=\"22507\" class=\"elementor elementor-22507\" data-elementor-post-type=\"post\">\n\t\t\t\t\t\t<section class=\"elementor-section elementor-top-section elementor-element elementor-element-62b311ee elementor-section-boxed elementor-section-height-default elementor-section-height-default\" data-id=\"62b311ee\" data-element_type=\"section\" data-e-type=\"section\">\n\t\t\t\t\t\t<div class=\"elementor-container elementor-column-gap-default\">\n\t\t\t\t\t<div class=\"elementor-column elementor-col-100 elementor-top-column elementor-element elementor-element-22e424c5\" data-id=\"22e424c5\" data-element_type=\"column\" data-e-type=\"column\">\n\t\t\t<div class=\"elementor-widget-wrap elementor-element-populated\">\n\t\t\t\t\t\t<div class=\"elementor-element elementor-element-7799c32 elementor-widget elementor-widget-image\" data-id=\"7799c32\" data-element_type=\"widget\" data-e-type=\"widget\" data-widget_type=\"image.default\">\n\t\t\t\t<div class=\"elementor-widget-container\">\n\t\t\t\t\t\t\t\t\t\t\t\t<figure class=\"wp-caption\">\n\t\t\t\t\t\t\t\t\t\t<img loading=\"lazy\" width=\"299\" height=\"168\" src=\"https:\/\/www.boyacaleinforma.com\/wp-content\/uploads\/2024\/07\/360-radio.jpg\" class=\"attachment-medium_large size-medium_large wp-image-22515\" alt=\"360 radio\" loading=\"lazy\" decoding=\"async\" \/>\t\t\t\t\t\t\t\t\t\t\t<figcaption class=\"widget-image-caption wp-caption-text\">Foto: 360 radio<\/figcaption>\n\t\t\t\t\t\t\t\t\t\t<\/figure>\n\t\t\t\t\t\t\t\t\t<\/div>\n\t\t\t\t<\/div>\n\t\t\t\t<div class=\"elementor-element elementor-element-16316330 elementor-widget elementor-widget-text-editor\" data-id=\"16316330\" data-element_type=\"widget\" data-e-type=\"widget\" data-widget_type=\"text-editor.default\">\n\t\t\t\t<div class=\"elementor-widget-container\">\n\t\t\t\t\t\t\t\t\t<p class=\"western\" align=\"justify\"><span style=\"font-family: Arial, sans-serif;\"><span style=\"font-size: medium;\"><span style=\"color: #000000;\"><span style=\"font-family: Arial, serif;\">La Contralor\u00eda General de la Rep\u00fablica ha lanzado una voz de alerta tras reportar una significativa disminuci\u00f3n en el recaudo tributario del primer semestre de 2024, en comparaci\u00f3n con el mismo periodo del a\u00f1o anterior. Seg\u00fan las cifras, los ingresos tributarios cayeron en $15,82 billones, lo que representa una disminuci\u00f3n del 17%, superando la ca\u00edda observada durante el primer semestre de 2020, cuando la pandemia de COVID-19 afect\u00f3 gravemente la econom\u00eda.<br \/><br \/><\/span><\/span><span style=\"color: #000000;\"><span style=\"font-family: Arial, serif;\"><b>Cifras alarmantes<br \/><\/b><\/span><\/span><span style=\"color: #000000;\"><span style=\"font-family: Arial, serif;\">Durante los primeros seis meses de 2024, se recaudaron $126,63 billones por concepto de impuestos, lo que equivale al 40% de los $315,86 billones presupuestados para el a\u00f1o. Esta ca\u00edda se atribuye a varios factores, incluyendo la reducci\u00f3n en el recaudo de cuotas de renta e impuestos externos, as\u00ed como la gesti\u00f3n de la Direcci\u00f3n de Impuestos y Aduanas Nacionales (DIAN) para reducir la evasi\u00f3n tributaria, que a\u00fan no ha mostrado los resultados esperados.<br \/><br \/><\/span><\/span><span style=\"color: #000000;\"><span style=\"font-family: Arial, serif;\"><b>Comparaci\u00f3n con a\u00f1os anteriores<br \/><\/b><\/span><\/span><span style=\"color: #000000;\"><span style=\"font-family: Arial, serif;\">La disminuci\u00f3n en el recaudo tributario en t\u00e9rminos reales (17%) supera la ca\u00edda del 13% observada en el primer semestre de 2020. Esta comparaci\u00f3n destaca la gravedad de la situaci\u00f3n actual, considerando que la econom\u00eda ya no est\u00e1 bajo los efectos directos de una pandemia global.<br \/><br \/><\/span><\/span><span style=\"color: #000000;\"><span style=\"font-family: Arial, serif;\"><b>Ejecuci\u00f3n del presupuesto<br \/><\/b><\/span><\/span><span style=\"color: #000000;\"><span style=\"font-family: Arial, serif;\">El reporte de ejecuci\u00f3n de ingresos del Presupuesto General de la Naci\u00f3n (PGN) hasta junio de 2024 muestra que se han realizado modificaciones al aforo aprobado por el Congreso de la Rep\u00fablica por $0,78 billones, llevando la estimaci\u00f3n vigente de ingresos para 2024 a $503,38 billones. Sin embargo, a\u00fan no se han incorporado en el PGN los recortes anunciados por el Ministerio de Hacienda.<br \/><br \/><\/span><\/span><span style=\"color: #000000;\"><span style=\"font-family: Arial, serif;\"><b>Endeudamiento interno<br \/><\/b><\/span><\/span><span style=\"color: #000000;\"><span style=\"font-family: Arial, serif;\">Se ha observado una recomposici\u00f3n de los recursos de capital de la Naci\u00f3n, disminuyendo otros recursos de capital en $17,46 billones y aumentando los recursos de cr\u00e9dito interno en la misma cantidad, lo que indica un endeudamiento interno mayor al inicialmente estimado.<br \/><br \/><\/span><\/span><span style=\"color: #000000;\"><span style=\"font-family: Arial, serif;\"><b>Meta de recaudo tributario<br \/><\/b><\/span><\/span><span style=\"color: #000000;\"><span style=\"font-family: Arial, serif;\">El Presupuesto General incluye una meta de recaudo tributario de $315,86 billones, en contraste con la meta establecida en el Marco Fiscal de Mediano Plazo 2024 de $258,60 billones. Esta diferencia de $57,26 billones a\u00fan no se refleja en el reporte presupuestal, lo que plantea interrogantes sobre la gesti\u00f3n fiscal y la efectividad de las pol\u00edticas tributarias actuales.<br \/><br \/><\/span><\/span><span style=\"color: #000000;\"><span style=\"font-family: Arial, serif;\"><b>An\u00e1lisis detallado del recaudo<br \/><\/b><\/span><\/span><span style=\"color: #000000;\"><span style=\"font-family: Arial, serif;\">En el primer semestre de 2024, se recaudaron $215,81 billones, con devoluciones por $2,43 billones, generando un recaudo efectivo neto de $213,38 billones, inferior nominalmente en 0,3% al mismo periodo de 2023. Los ingresos netos de la Naci\u00f3n alcanzaron $196,66 billones (41,3% de la meta anual) y los ingresos propios de los Establecimientos P\u00fablicos llegaron a $16,72 billones (62,3% de la meta anual).<br \/><br \/><\/span><\/span><span style=\"color: #000000;\"><span style=\"font-family: Arial, serif;\"><b>Desglose por impuestos<br \/>Impuestos Directos:<\/b><\/span><\/span><span style=\"color: #000000;\"><span style=\"font-family: Arial, serif;\"> $63,89 billones (50,5% del total).<br \/><\/span><\/span><span style=\"color: #000000;\"><span style=\"font-family: Arial, serif;\"><b>Impuestos Indirectos:<\/b><\/span><\/span><span style=\"color: #000000;\"><span style=\"font-family: Arial, serif;\"> $62,73 billones (49,5% del total).<br \/><\/span><\/span><span style=\"color: #000000;\"><span style=\"font-family: Arial, serif;\"><b>IVA Interno:<\/b><\/span><\/span><span style=\"color: #000000;\"><span style=\"font-family: Arial, serif;\"> $33,15 billones, con un crecimiento nominal de 8,1%.<br \/><\/span><\/span><span style=\"color: #000000;\"><span style=\"font-family: Arial, serif;\"><b>Recaudo por Aduanas e IVA Externo: <\/b><\/span><\/span><span style=\"color: #000000;\"><span style=\"font-family: Arial, serif;\">Ca\u00edda de $3,57 billones debido a la disminuci\u00f3n de importaciones y la apreciaci\u00f3n del peso colombiano.<br \/><\/span><\/span><span style=\"color: #000000;\"><span style=\"font-family: Arial, serif;\"><b>Gravamen a los Movimientos Financieros:<\/b><\/span><\/span><span style=\"color: #000000;\"><span style=\"font-family: Arial, serif;\"> Incremento nominal del 4,7%, contribuyendo con $7,07 billones.<br \/><\/span><\/span><span style=\"color: #000000;\"><span style=\"font-family: Arial, serif;\"><b>Comentarios oficiales<br \/><\/b><\/span><\/span><span style=\"color: #000000;\"><span style=\"font-family: Arial, serif;\">Un portavoz de la Contralor\u00eda General afirm\u00f3: \u00abLa fuerte ca\u00edda en el recaudo tributario es un motivo de gran preocupaci\u00f3n, ya que afecta directamente la capacidad del gobierno para financiar sus programas y proyectos. Es crucial que se implementen medidas efectivas para revertir esta tendencia y mejorar la eficiencia en la gesti\u00f3n tributaria\u00bb.<br \/><br \/><\/span><\/span><span style=\"color: #000000;\"><span style=\"font-family: Arial, serif;\"><b>Conclusi\u00f3n<\/b><\/span><\/span><span style=\"color: #000000;\"><span style=\"font-family: Arial, serif;\"><br \/>La disminuci\u00f3n en el recaudo tributario del primer semestre de 2024 plantea serios desaf\u00edos para la gesti\u00f3n fiscal del pa\u00eds. Las autoridades deber\u00e1n tomar medidas urgentes para abordar las causas subyacentes de esta ca\u00edda y asegurar que se cumplan las metas presupuestarias para el resto del a\u00f1o.<\/span><\/span><\/span><\/span><\/p>\t\t\t\t\t\t\t\t<\/div>\n\t\t\t\t<\/div>\n\t\t\t\t\t<\/div>\n\t\t<\/div>\n\t\t\t\t\t<\/div>\n\t\t<\/section>\n\t\t\t\t<section class=\"elementor-section elementor-top-section elementor-element elementor-element-ac20cbd elementor-section-boxed elementor-section-height-default elementor-section-height-default\" data-id=\"ac20cbd\" data-element_type=\"section\" data-e-type=\"section\">\n\t\t\t\t\t\t<div class=\"elementor-container elementor-column-gap-default\">\n\t\t\t\t\t<div class=\"elementor-column elementor-col-100 elementor-top-column elementor-element elementor-element-10da45b\" data-id=\"10da45b\" data-element_type=\"column\" data-e-type=\"column\">\n\t\t\t<div class=\"elementor-widget-wrap elementor-element-populated\">\n\t\t\t\t\t\t<div class=\"elementor-element elementor-element-4c8136e elementor-widget__width-initial elementor-widget elementor-widget-button\" data-id=\"4c8136e\" data-element_type=\"widget\" data-e-type=\"widget\" data-widget_type=\"button.default\">\n\t\t\t\t<div class=\"elementor-widget-container\">\n\t\t\t\t\t\t\t\t\t<div class=\"elementor-button-wrapper\">\n\t\t\t\t\t<a class=\"elementor-button elementor-button-link elementor-size-sm\" href=\"https:\/\/whatsapp.com\/channel\/0029VaAjfv330LKT2pE2UU0q\">\n\t\t\t\t\t\t<span class=\"elementor-button-content-wrapper\">\n\t\t\t\t\t\t<span class=\"elementor-button-icon\">\n\t\t\t\t<i aria-hidden=\"true\" class=\"fab fa-whatsapp\"><\/i>\t\t\t<\/span>\n\t\t\t\t\t\t\t\t\t<span class=\"elementor-button-text\">S\u00edganos en nuestro canal de Whatsapp<\/span>\n\t\t\t\t\t<\/span>\n\t\t\t\t\t<\/a>\n\t\t\t\t<\/div>\n\t\t\t\t\t\t\t\t<\/div>\n\t\t\t\t<\/div>\n\t\t\t\t<div class=\"elementor-element elementor-element-8d33fa0 elementor-widget__width-initial elementor-widget elementor-widget-button\" data-id=\"8d33fa0\" data-element_type=\"widget\" data-e-type=\"widget\" data-widget_type=\"button.default\">\n\t\t\t\t<div class=\"elementor-widget-container\">\n\t\t\t\t\t\t\t\t\t<div class=\"elementor-button-wrapper\">\n\t\t\t\t\t<a class=\"elementor-button elementor-button-link elementor-size-sm\" href=\"https:\/\/x.com\/BoyacaLEinforma\">\n\t\t\t\t\t\t<span class=\"elementor-button-content-wrapper\">\n\t\t\t\t\t\t<span class=\"elementor-button-icon\">\n\t\t\t\t<i aria-hidden=\"true\" class=\"fab fa-x-twitter-square\"><\/i>\t\t\t<\/span>\n\t\t\t\t\t\t\t\t\t<span class=\"elementor-button-text\">S\u00edganos en X<\/span>\n\t\t\t\t\t<\/span>\n\t\t\t\t\t<\/a>\n\t\t\t\t<\/div>\n\t\t\t\t\t\t\t\t<\/div>\n\t\t\t\t<\/div>\n\t\t\t\t\t<\/div>\n\t\t<\/div>\n\t\t\t\t\t<\/div>\n\t\t<\/section>\n\t\t\t\t<section class=\"elementor-section elementor-top-section elementor-element elementor-element-8082daa elementor-section-boxed elementor-section-height-default elementor-section-height-default\" data-id=\"8082daa\" data-element_type=\"section\" data-e-type=\"section\">\n\t\t\t\t\t\t<div class=\"elementor-container elementor-column-gap-default\">\n\t\t\t\t\t<div class=\"elementor-column elementor-col-100 elementor-top-column elementor-element elementor-element-08d9d5a\" data-id=\"08d9d5a\" data-element_type=\"column\" data-e-type=\"column\">\n\t\t\t<div class=\"elementor-widget-wrap elementor-element-populated\">\n\t\t\t\t\t\t<div class=\"elementor-element elementor-element-5a76dcb elementor-widget__width-initial elementor-widget elementor-widget-button\" data-id=\"5a76dcb\" data-element_type=\"widget\" data-e-type=\"widget\" data-widget_type=\"button.default\">\n\t\t\t\t<div class=\"elementor-widget-container\">\n\t\t\t\t\t\t\t\t\t<div class=\"elementor-button-wrapper\">\n\t\t\t\t\t<a class=\"elementor-button elementor-button-link elementor-size-sm\" href=\"https:\/\/www.facebook.com\/Boyacaleinforma\">\n\t\t\t\t\t\t<span class=\"elementor-button-content-wrapper\">\n\t\t\t\t\t\t<span class=\"elementor-button-icon\">\n\t\t\t\t<i aria-hidden=\"true\" class=\"fab fa-facebook\"><\/i>\t\t\t<\/span>\n\t\t\t\t\t\t\t\t\t<span class=\"elementor-button-text\">S\u00edganos en facebook<\/span>\n\t\t\t\t\t<\/span>\n\t\t\t\t\t<\/a>\n\t\t\t\t<\/div>\n\t\t\t\t\t\t\t\t<\/div>\n\t\t\t\t<\/div>\n\t\t\t\t<div class=\"elementor-element elementor-element-090a23f elementor-widget__width-initial elementor-widget elementor-widget-button\" data-id=\"090a23f\" data-element_type=\"widget\" data-e-type=\"widget\" data-widget_type=\"button.default\">\n\t\t\t\t<div class=\"elementor-widget-container\">\n\t\t\t\t\t\t\t\t\t<div class=\"elementor-button-wrapper\">\n\t\t\t\t\t<a class=\"elementor-button elementor-button-link elementor-size-sm\" href=\"https:\/\/www.instagram.com\/boyacaleinforma\/\">\n\t\t\t\t\t\t<span class=\"elementor-button-content-wrapper\">\n\t\t\t\t\t\t<span class=\"elementor-button-icon\">\n\t\t\t\t<i aria-hidden=\"true\" class=\"fab fa-instagram\"><\/i>\t\t\t<\/span>\n\t\t\t\t\t\t\t\t\t<span class=\"elementor-button-text\">S\u00edganos en Instagram<\/span>\n\t\t\t\t\t<\/span>\n\t\t\t\t\t<\/a>\n\t\t\t\t<\/div>\n\t\t\t\t\t\t\t\t<\/div>\n\t\t\t\t<\/div>\n\t\t\t\t\t<\/div>\n\t\t<\/div>\n\t\t\t\t\t<\/div>\n\t\t<\/section>\n\t\t\t\t<section class=\"elementor-section elementor-top-section elementor-element elementor-element-0856796 elementor-section-boxed elementor-section-height-default elementor-section-height-default\" data-id=\"0856796\" data-element_type=\"section\" data-e-type=\"section\">\n\t\t\t\t\t\t<div class=\"elementor-container elementor-column-gap-default\">\n\t\t\t\t\t<div class=\"elementor-column elementor-col-100 elementor-top-column elementor-element elementor-element-6979e4d\" data-id=\"6979e4d\" data-element_type=\"column\" data-e-type=\"column\">\n\t\t\t<div class=\"elementor-widget-wrap elementor-element-populated\">\n\t\t\t\t\t\t<div class=\"elementor-element elementor-element-f45ea9d elementor-widget elementor-widget-button\" data-id=\"f45ea9d\" data-element_type=\"widget\" data-e-type=\"widget\" data-widget_type=\"button.default\">\n\t\t\t\t<div class=\"elementor-widget-container\">\n\t\t\t\t\t\t\t\t\t<div class=\"elementor-button-wrapper\">\n\t\t\t\t\t<a class=\"elementor-button elementor-button-link elementor-size-sm\" href=\"https:\/\/www.youtube.com\/channel\/UCGVsETSHpTEGKml3omnlscA\">\n\t\t\t\t\t\t<span class=\"elementor-button-content-wrapper\">\n\t\t\t\t\t\t<span class=\"elementor-button-icon\">\n\t\t\t\t<i aria-hidden=\"true\" class=\"fab fa-youtube\"><\/i>\t\t\t<\/span>\n\t\t\t\t\t\t\t\t\t<span class=\"elementor-button-text\">S\u00edganos en Youtube<\/span>\n\t\t\t\t\t<\/span>\n\t\t\t\t\t<\/a>\n\t\t\t\t<\/div>\n\t\t\t\t\t\t\t\t<\/div>\n\t\t\t\t<\/div>\n\t\t\t\t\t<\/div>\n\t\t<\/div>\n\t\t\t\t\t<\/div>\n\t\t<\/section>\n\t\t\t\t<\/div>\n\t\t","protected":false},"excerpt":{"rendered":"<p>Foto: 360 radio La Contralor\u00eda General de la Rep\u00fablica ha lanzado una voz de alerta tras reportar una<\/p>\n","protected":false},"author":1,"featured_media":22515,"comment_status":"open","ping_status":"open","sticky":false,"template":"","format":"image","meta":{"om_disable_all_campaigns":false,"_monsterinsights_skip_tracking":false,"_monsterinsights_sitenote_active":false,"_monsterinsights_sitenote_note":"","_monsterinsights_sitenote_category":0,"footnotes":""},"categories":[9],"tags":[10],"class_list":["post-22507","post","type-post","status-publish","format-image","has-post-thumbnail","hentry","category-colombia","tag-noticias","post_format-post-format-image"],"aioseo_notices":[],"_links":{"self":[{"href":"https:\/\/www.boyacaleinforma.com\/index.php?rest_route=\/wp\/v2\/posts\/22507","targetHints":{"allow":["GET"]}}],"collection":[{"href":"https:\/\/www.boyacaleinforma.com\/index.php?rest_route=\/wp\/v2\/posts"}],"about":[{"href":"https:\/\/www.boyacaleinforma.com\/index.php?rest_route=\/wp\/v2\/types\/post"}],"author":[{"embeddable":true,"href":"https:\/\/www.boyacaleinforma.com\/index.php?rest_route=\/wp\/v2\/users\/1"}],"replies":[{"embeddable":true,"href":"https:\/\/www.boyacaleinforma.com\/index.php?rest_route=%2Fwp%2Fv2%2Fcomments&post=22507"}],"version-history":[{"count":0,"href":"https:\/\/www.boyacaleinforma.com\/index.php?rest_route=\/wp\/v2\/posts\/22507\/revisions"}],"wp:featuredmedia":[{"embeddable":true,"href":"https:\/\/www.boyacaleinforma.com\/index.php?rest_route=\/wp\/v2\/media\/22515"}],"wp:attachment":[{"href":"https:\/\/www.boyacaleinforma.com\/index.php?rest_route=%2Fwp%2Fv2%2Fmedia&parent=22507"}],"wp:term":[{"taxonomy":"category","embeddable":true,"href":"https:\/\/www.boyacaleinforma.com\/index.php?rest_route=%2Fwp%2Fv2%2Fcategories&post=22507"},{"taxonomy":"post_tag","embeddable":true,"href":"https:\/\/www.boyacaleinforma.com\/index.php?rest_route=%2Fwp%2Fv2%2Ftags&post=22507"}],"curies":[{"name":"wp","href":"https:\/\/api.w.org\/{rel}","templated":true}]}}