{"id":23946,"date":"2024-09-03T10:29:39","date_gmt":"2024-09-03T15:29:39","guid":{"rendered":"https:\/\/www.boyacaleinforma.com\/?p=23946"},"modified":"2024-09-03T10:49:08","modified_gmt":"2024-09-03T15:49:08","slug":"preocupacion-en-tunja-por-aumento-de-casos-de-fleteo-en-menos-de-cuatro-meses-copy","status":"publish","type":"post","link":"https:\/\/www.boyacaleinforma.com\/?p=23946","title":{"rendered":"Gobierno y ANI impulsan la reactivaci\u00f3n ferroviaria en Boyac\u00e1 como motor de movilidad sostenible"},"content":{"rendered":"\t\t<div data-elementor-type=\"wp-post\" data-elementor-id=\"23946\" class=\"elementor elementor-23946\" data-elementor-post-type=\"post\">\n\t\t\t\t\t\t<section class=\"elementor-section elementor-top-section elementor-element elementor-element-62b311ee elementor-section-boxed elementor-section-height-default elementor-section-height-default\" data-id=\"62b311ee\" data-element_type=\"section\" data-e-type=\"section\">\n\t\t\t\t\t\t<div class=\"elementor-container elementor-column-gap-default\">\n\t\t\t\t\t<div class=\"elementor-column elementor-col-100 elementor-top-column elementor-element elementor-element-22e424c5\" data-id=\"22e424c5\" data-element_type=\"column\" data-e-type=\"column\">\n\t\t\t<div class=\"elementor-widget-wrap elementor-element-populated\">\n\t\t\t\t\t\t<div class=\"elementor-element elementor-element-7799c32 elementor-widget elementor-widget-image\" data-id=\"7799c32\" data-element_type=\"widget\" data-e-type=\"widget\" data-widget_type=\"image.default\">\n\t\t\t\t<div class=\"elementor-widget-container\">\n\t\t\t\t\t\t\t\t\t\t\t\t<figure class=\"wp-caption\">\n\t\t\t\t\t\t\t\t\t\t<img loading=\"lazy\" width=\"640\" height=\"427\" src=\"https:\/\/www.boyacaleinforma.com\/wp-content\/uploads\/2024\/09\/CARACOL-768x512.jpg\" class=\"attachment-medium_large size-medium_large wp-image-23957\" alt=\"CARACOL\" srcset=\"https:\/\/www.boyacaleinforma.com\/wp-content\/uploads\/2024\/09\/CARACOL-768x512.jpg 768w, https:\/\/www.boyacaleinforma.com\/wp-content\/uploads\/2024\/09\/CARACOL-300x200.jpg 300w, https:\/\/www.boyacaleinforma.com\/wp-content\/uploads\/2024\/09\/CARACOL-1024x683.jpg 1024w, https:\/\/www.boyacaleinforma.com\/wp-content\/uploads\/2024\/09\/CARACOL-1536x1024.jpg 1536w, https:\/\/www.boyacaleinforma.com\/wp-content\/uploads\/2024\/09\/CARACOL.jpg 1600w\" sizes=\"auto, (max-width: 640px) 100vw, 640px\" loading=\"lazy\" decoding=\"async\" \/>\t\t\t\t\t\t\t\t\t\t\t<figcaption class=\"widget-image-caption wp-caption-text\">Foto: Caracol Radio<\/figcaption>\n\t\t\t\t\t\t\t\t\t\t<\/figure>\n\t\t\t\t\t\t\t\t\t<\/div>\n\t\t\t\t<\/div>\n\t\t\t\t<div class=\"elementor-element elementor-element-16316330 elementor-widget elementor-widget-text-editor\" data-id=\"16316330\" data-element_type=\"widget\" data-e-type=\"widget\" data-widget_type=\"text-editor.default\">\n\t\t\t\t<div class=\"elementor-widget-container\">\n\t\t\t\t\t\t\t\t\t<p class=\"western\" align=\"justify\"><span style=\"font-family: Arial, sans-serif;\"><span style=\"font-size: medium;\"><span style=\"color: #000000;\"><span style=\"font-family: Arial, serif;\">En un esfuerzo por revitalizar el sistema ferroviario en Colombia, el Gobierno Nacional, junto con la Agencia Nacional de Infraestructura (ANI), ha lanzado una ambiciosa iniciativa para reactivar el transporte por tren en Boyac\u00e1. Este proyecto, considerado clave para la movilidad sostenible, forma parte de la estrategia del gobierno de Gustavo Petro para modernizar la infraestructura de transporte del pa\u00eds.<br \/><br \/>Durante la presentaci\u00f3n de la segunda edici\u00f3n del proyecto \u00abTren por Boyac\u00e1\u00bb, el Ministro de Transporte, William Camargo, y el presidente de la ANI, Francisco Ospina, destacaron la importancia de este plan, que no solo busca mejorar la conectividad en la regi\u00f3n, sino tambi\u00e9n fomentar el turismo y reducir las emisiones de gases contaminantes al priorizar un medio de transporte m\u00e1s ecol\u00f3gico.<br \/><br \/><\/span><\/span><span style=\"color: #000000;\"><span style=\"font-family: Arial, serif;\"><b>Conexi\u00f3n de Tunja y expansi\u00f3n ferroviaria<\/b><\/span><\/span><span style=\"color: #000000;\"><span style=\"font-family: Arial, serif;\"><br \/><br \/>El proyecto contempla la vinculaci\u00f3n de la ciudad de Tunja a la red ferroviaria, con la intenci\u00f3n de conectarla con los tres destinos desarrollados en diciembre pasado. Este esfuerzo es parte de un plan m\u00e1s amplio que busca recuperar y expandir m\u00e1s de 5.340 kil\u00f3metros de v\u00edas f\u00e9rreas en todo el pa\u00eds, una red que en su apogeo alcanz\u00f3 m\u00e1s de 3.400 kil\u00f3metros de extensi\u00f3n.<br \/><br \/>Camargo subray\u00f3 la necesidad de crear una masa cr\u00edtica de usuarios para garantizar la viabilidad del proyecto. Para ello, se trabajar\u00e1 de manera conjunta con la Secretar\u00eda de Turismo de Boyac\u00e1, tanto a nivel departamental como municipal, para definir los principales atractivos tur\u00edsticos del recorrido, que idealmente conectar\u00eda la estaci\u00f3n de Puente de Boyac\u00e1 con Sogamoso.<br \/><br \/><\/span><\/span><span style=\"color: #000000;\"><span style=\"font-family: Arial, serif;\"><b>Impactos econ\u00f3micos, tur\u00edsticos y ambientales<\/b><\/span><\/span><span style=\"color: #000000;\"><span style=\"font-family: Arial, serif;\"><br \/><br \/>La reactivaci\u00f3n del sistema ferroviario en Boyac\u00e1 promete generar impactos positivos en la econom\u00eda local al facilitar el transporte de carga y pasajeros de manera m\u00e1s eficiente. Adem\u00e1s, se espera que esta iniciativa impulse el turismo en la regi\u00f3n, atrayendo a m\u00e1s visitantes interesados en recorrer los paisajes hist\u00f3ricos y naturales que ofrece Boyac\u00e1.<br \/><br \/>Desde una perspectiva ambiental, el proyecto representa un avance hacia la reducci\u00f3n de las emisiones de carbono generadas por el transporte terrestre, aline\u00e1ndose con los objetivos del gobierno para promover la sostenibilidad y mitigar el cambio clim\u00e1tico.<br \/><br \/><\/span><\/span><span style=\"color: #000000;\"><span style=\"font-family: Arial, serif;\"><b>Compromiso con la movilidad sostenible<\/b><\/span><\/span><span style=\"color: #000000;\"><span style=\"font-family: Arial, serif;\"><br \/><br \/>El compromiso del gobierno de Gustavo Petro con la reactivaci\u00f3n ferroviaria en Boyac\u00e1 es un reflejo de su visi\u00f3n a largo plazo para el desarrollo sostenible de la infraestructura de transporte en Colombia. Este proyecto no solo busca recuperar una red ferroviaria que en el pasado fue crucial para el pa\u00eds, sino que tambi\u00e9n marca el inicio de una nueva era en la movilidad nacional, donde la sostenibilidad y la eficiencia ser\u00e1n pilares fundamentales.<br \/><br \/>Con la implementaci\u00f3n de esta iniciativa, Boyac\u00e1 se posiciona como un ejemplo a seguir en la transici\u00f3n hacia una movilidad m\u00e1s verde y conectada, con beneficios tangibles para la econom\u00eda, el medio ambiente y la calidad de vida de sus habitantes.<\/span><\/span><\/span><\/span><\/p>\t\t\t\t\t\t\t\t<\/div>\n\t\t\t\t<\/div>\n\t\t\t\t\t<\/div>\n\t\t<\/div>\n\t\t\t\t\t<\/div>\n\t\t<\/section>\n\t\t\t\t<section class=\"elementor-section elementor-top-section elementor-element elementor-element-ac20cbd elementor-section-boxed elementor-section-height-default elementor-section-height-default\" data-id=\"ac20cbd\" data-element_type=\"section\" data-e-type=\"section\">\n\t\t\t\t\t\t<div class=\"elementor-container elementor-column-gap-default\">\n\t\t\t\t\t<div class=\"elementor-column elementor-col-100 elementor-top-column elementor-element elementor-element-10da45b\" data-id=\"10da45b\" data-element_type=\"column\" data-e-type=\"column\">\n\t\t\t<div class=\"elementor-widget-wrap elementor-element-populated\">\n\t\t\t\t\t\t<div class=\"elementor-element elementor-element-4c8136e elementor-widget__width-initial elementor-widget elementor-widget-button\" data-id=\"4c8136e\" data-element_type=\"widget\" data-e-type=\"widget\" data-widget_type=\"button.default\">\n\t\t\t\t<div class=\"elementor-widget-container\">\n\t\t\t\t\t\t\t\t\t<div class=\"elementor-button-wrapper\">\n\t\t\t\t\t<a class=\"elementor-button elementor-button-link elementor-size-sm\" href=\"https:\/\/whatsapp.com\/channel\/0029VaAjfv330LKT2pE2UU0q\">\n\t\t\t\t\t\t<span class=\"elementor-button-content-wrapper\">\n\t\t\t\t\t\t<span class=\"elementor-button-icon\">\n\t\t\t\t<i aria-hidden=\"true\" class=\"fab fa-whatsapp\"><\/i>\t\t\t<\/span>\n\t\t\t\t\t\t\t\t\t<span class=\"elementor-button-text\">S\u00edganos en nuestro canal de Whatsapp<\/span>\n\t\t\t\t\t<\/span>\n\t\t\t\t\t<\/a>\n\t\t\t\t<\/div>\n\t\t\t\t\t\t\t\t<\/div>\n\t\t\t\t<\/div>\n\t\t\t\t<div class=\"elementor-element elementor-element-8d33fa0 elementor-widget__width-initial elementor-widget elementor-widget-button\" data-id=\"8d33fa0\" data-element_type=\"widget\" data-e-type=\"widget\" data-widget_type=\"button.default\">\n\t\t\t\t<div class=\"elementor-widget-container\">\n\t\t\t\t\t\t\t\t\t<div class=\"elementor-button-wrapper\">\n\t\t\t\t\t<a class=\"elementor-button elementor-button-link elementor-size-sm\" href=\"https:\/\/x.com\/BoyacaLEinforma\">\n\t\t\t\t\t\t<span class=\"elementor-button-content-wrapper\">\n\t\t\t\t\t\t<span class=\"elementor-button-icon\">\n\t\t\t\t<i aria-hidden=\"true\" class=\"fab fa-x-twitter-square\"><\/i>\t\t\t<\/span>\n\t\t\t\t\t\t\t\t\t<span class=\"elementor-button-text\">S\u00edganos en X<\/span>\n\t\t\t\t\t<\/span>\n\t\t\t\t\t<\/a>\n\t\t\t\t<\/div>\n\t\t\t\t\t\t\t\t<\/div>\n\t\t\t\t<\/div>\n\t\t\t\t\t<\/div>\n\t\t<\/div>\n\t\t\t\t\t<\/div>\n\t\t<\/section>\n\t\t\t\t<section class=\"elementor-section elementor-top-section elementor-element elementor-element-8082daa elementor-section-boxed elementor-section-height-default elementor-section-height-default\" data-id=\"8082daa\" data-element_type=\"section\" data-e-type=\"section\">\n\t\t\t\t\t\t<div class=\"elementor-container elementor-column-gap-default\">\n\t\t\t\t\t<div class=\"elementor-column elementor-col-100 elementor-top-column elementor-element elementor-element-08d9d5a\" data-id=\"08d9d5a\" data-element_type=\"column\" data-e-type=\"column\">\n\t\t\t<div class=\"elementor-widget-wrap elementor-element-populated\">\n\t\t\t\t\t\t<div class=\"elementor-element elementor-element-5a76dcb elementor-widget__width-initial elementor-widget elementor-widget-button\" data-id=\"5a76dcb\" data-element_type=\"widget\" data-e-type=\"widget\" data-widget_type=\"button.default\">\n\t\t\t\t<div class=\"elementor-widget-container\">\n\t\t\t\t\t\t\t\t\t<div class=\"elementor-button-wrapper\">\n\t\t\t\t\t<a class=\"elementor-button elementor-button-link elementor-size-sm\" href=\"https:\/\/www.facebook.com\/Boyacaleinforma\">\n\t\t\t\t\t\t<span class=\"elementor-button-content-wrapper\">\n\t\t\t\t\t\t<span class=\"elementor-button-icon\">\n\t\t\t\t<i aria-hidden=\"true\" class=\"fab fa-facebook\"><\/i>\t\t\t<\/span>\n\t\t\t\t\t\t\t\t\t<span class=\"elementor-button-text\">S\u00edganos en facebook<\/span>\n\t\t\t\t\t<\/span>\n\t\t\t\t\t<\/a>\n\t\t\t\t<\/div>\n\t\t\t\t\t\t\t\t<\/div>\n\t\t\t\t<\/div>\n\t\t\t\t<div class=\"elementor-element elementor-element-090a23f elementor-widget__width-initial elementor-widget elementor-widget-button\" data-id=\"090a23f\" data-element_type=\"widget\" data-e-type=\"widget\" data-widget_type=\"button.default\">\n\t\t\t\t<div class=\"elementor-widget-container\">\n\t\t\t\t\t\t\t\t\t<div class=\"elementor-button-wrapper\">\n\t\t\t\t\t<a class=\"elementor-button elementor-button-link elementor-size-sm\" href=\"https:\/\/www.instagram.com\/boyacaleinforma\/\">\n\t\t\t\t\t\t<span class=\"elementor-button-content-wrapper\">\n\t\t\t\t\t\t<span class=\"elementor-button-icon\">\n\t\t\t\t<i aria-hidden=\"true\" class=\"fab fa-instagram\"><\/i>\t\t\t<\/span>\n\t\t\t\t\t\t\t\t\t<span class=\"elementor-button-text\">S\u00edganos en Instagram<\/span>\n\t\t\t\t\t<\/span>\n\t\t\t\t\t<\/a>\n\t\t\t\t<\/div>\n\t\t\t\t\t\t\t\t<\/div>\n\t\t\t\t<\/div>\n\t\t\t\t\t<\/div>\n\t\t<\/div>\n\t\t\t\t\t<\/div>\n\t\t<\/section>\n\t\t\t\t<section class=\"elementor-section elementor-top-section elementor-element elementor-element-0856796 elementor-section-boxed elementor-section-height-default elementor-section-height-default\" data-id=\"0856796\" data-element_type=\"section\" data-e-type=\"section\">\n\t\t\t\t\t\t<div class=\"elementor-container elementor-column-gap-default\">\n\t\t\t\t\t<div class=\"elementor-column elementor-col-100 elementor-top-column elementor-element elementor-element-6979e4d\" data-id=\"6979e4d\" data-element_type=\"column\" data-e-type=\"column\">\n\t\t\t<div class=\"elementor-widget-wrap elementor-element-populated\">\n\t\t\t\t\t\t<div class=\"elementor-element elementor-element-f45ea9d elementor-widget elementor-widget-button\" data-id=\"f45ea9d\" data-element_type=\"widget\" data-e-type=\"widget\" data-widget_type=\"button.default\">\n\t\t\t\t<div class=\"elementor-widget-container\">\n\t\t\t\t\t\t\t\t\t<div class=\"elementor-button-wrapper\">\n\t\t\t\t\t<a class=\"elementor-button elementor-button-link elementor-size-sm\" href=\"https:\/\/www.youtube.com\/channel\/UCGVsETSHpTEGKml3omnlscA\">\n\t\t\t\t\t\t<span class=\"elementor-button-content-wrapper\">\n\t\t\t\t\t\t<span class=\"elementor-button-icon\">\n\t\t\t\t<i aria-hidden=\"true\" class=\"fab fa-youtube\"><\/i>\t\t\t<\/span>\n\t\t\t\t\t\t\t\t\t<span class=\"elementor-button-text\">S\u00edganos en Youtube<\/span>\n\t\t\t\t\t<\/span>\n\t\t\t\t\t<\/a>\n\t\t\t\t<\/div>\n\t\t\t\t\t\t\t\t<\/div>\n\t\t\t\t<\/div>\n\t\t\t\t\t<\/div>\n\t\t<\/div>\n\t\t\t\t\t<\/div>\n\t\t<\/section>\n\t\t\t\t<\/div>\n\t\t","protected":false},"excerpt":{"rendered":"<p>Foto: Caracol Radio En un esfuerzo por revitalizar el sistema ferroviario en Colombia, el Gobierno Nacional, junto con<\/p>\n","protected":false},"author":1,"featured_media":23957,"comment_status":"open","ping_status":"open","sticky":false,"template":"","format":"image","meta":{"om_disable_all_campaigns":false,"_monsterinsights_skip_tracking":false,"_monsterinsights_sitenote_active":false,"_monsterinsights_sitenote_note":"","_monsterinsights_sitenote_category":0,"footnotes":""},"categories":[5],"tags":[10],"class_list":["post-23946","post","type-post","status-publish","format-image","has-post-thumbnail","hentry","category-boyaca","tag-noticias","post_format-post-format-image"],"aioseo_notices":[],"_links":{"self":[{"href":"https:\/\/www.boyacaleinforma.com\/index.php?rest_route=\/wp\/v2\/posts\/23946","targetHints":{"allow":["GET"]}}],"collection":[{"href":"https:\/\/www.boyacaleinforma.com\/index.php?rest_route=\/wp\/v2\/posts"}],"about":[{"href":"https:\/\/www.boyacaleinforma.com\/index.php?rest_route=\/wp\/v2\/types\/post"}],"author":[{"embeddable":true,"href":"https:\/\/www.boyacaleinforma.com\/index.php?rest_route=\/wp\/v2\/users\/1"}],"replies":[{"embeddable":true,"href":"https:\/\/www.boyacaleinforma.com\/index.php?rest_route=%2Fwp%2Fv2%2Fcomments&post=23946"}],"version-history":[{"count":0,"href":"https:\/\/www.boyacaleinforma.com\/index.php?rest_route=\/wp\/v2\/posts\/23946\/revisions"}],"wp:featuredmedia":[{"embeddable":true,"href":"https:\/\/www.boyacaleinforma.com\/index.php?rest_route=\/wp\/v2\/media\/23957"}],"wp:attachment":[{"href":"https:\/\/www.boyacaleinforma.com\/index.php?rest_route=%2Fwp%2Fv2%2Fmedia&parent=23946"}],"wp:term":[{"taxonomy":"category","embeddable":true,"href":"https:\/\/www.boyacaleinforma.com\/index.php?rest_route=%2Fwp%2Fv2%2Fcategories&post=23946"},{"taxonomy":"post_tag","embeddable":true,"href":"https:\/\/www.boyacaleinforma.com\/index.php?rest_route=%2Fwp%2Fv2%2Ftags&post=23946"}],"curies":[{"name":"wp","href":"https:\/\/api.w.org\/{rel}","templated":true}]}}