{"id":24311,"date":"2024-09-12T09:31:06","date_gmt":"2024-09-12T14:31:06","guid":{"rendered":"https:\/\/www.boyacaleinforma.com\/?p=24311"},"modified":"2024-09-12T09:46:49","modified_gmt":"2024-09-12T14:46:49","slug":"festival-villa-del-cine-celebra-su-decima-edicion-con-55-peliculas-en-competencia-copy","status":"publish","type":"post","link":"https:\/\/www.boyacaleinforma.com\/?p=24311","title":{"rendered":"Luz verde para la construcci\u00f3n del frigor\u00edfico de Tunja: un proyecto clave para la regi\u00f3n"},"content":{"rendered":"\t\t<div data-elementor-type=\"wp-post\" data-elementor-id=\"24311\" class=\"elementor elementor-24311\" data-elementor-post-type=\"post\">\n\t\t\t\t\t\t<section class=\"elementor-section elementor-top-section elementor-element elementor-element-62b311ee elementor-section-boxed elementor-section-height-default elementor-section-height-default\" data-id=\"62b311ee\" data-element_type=\"section\" data-e-type=\"section\">\n\t\t\t\t\t\t<div class=\"elementor-container elementor-column-gap-default\">\n\t\t\t\t\t<div class=\"elementor-column elementor-col-100 elementor-top-column elementor-element elementor-element-22e424c5\" data-id=\"22e424c5\" data-element_type=\"column\" data-e-type=\"column\">\n\t\t\t<div class=\"elementor-widget-wrap elementor-element-populated\">\n\t\t\t\t\t\t<div class=\"elementor-element elementor-element-7799c32 elementor-widget elementor-widget-image\" data-id=\"7799c32\" data-element_type=\"widget\" data-e-type=\"widget\" data-widget_type=\"image.default\">\n\t\t\t\t<div class=\"elementor-widget-container\">\n\t\t\t\t\t\t\t\t\t\t\t\t<figure class=\"wp-caption\">\n\t\t\t\t\t\t\t\t\t\t<img loading=\"lazy\" width=\"640\" height=\"350\" src=\"https:\/\/www.boyacaleinforma.com\/wp-content\/uploads\/2024\/09\/uhn.jpg\" class=\"attachment-medium_large size-medium_large wp-image-24325\" alt=\"uhn\" srcset=\"https:\/\/www.boyacaleinforma.com\/wp-content\/uploads\/2024\/09\/uhn.jpg 760w, https:\/\/www.boyacaleinforma.com\/wp-content\/uploads\/2024\/09\/uhn-300x164.jpg 300w\" sizes=\"auto, (max-width: 640px) 100vw, 640px\" loading=\"lazy\" decoding=\"async\" \/>\t\t\t\t\t\t\t\t\t\t\t<figcaption class=\"widget-image-caption wp-caption-text\">Foto: UHN<\/figcaption>\n\t\t\t\t\t\t\t\t\t\t<\/figure>\n\t\t\t\t\t\t\t\t\t<\/div>\n\t\t\t\t<\/div>\n\t\t\t\t<div class=\"elementor-element elementor-element-16316330 elementor-widget elementor-widget-text-editor\" data-id=\"16316330\" data-element_type=\"widget\" data-e-type=\"widget\" data-widget_type=\"text-editor.default\">\n\t\t\t\t<div class=\"elementor-widget-container\">\n\t\t\t\t\t\t\t\t\t<p class=\"western\" align=\"justify\"><span style=\"color: #000000;\"><span style=\"font-family: Arial, serif;\"><span style=\"font-size: medium;\">La construcci\u00f3n del frigor\u00edfico de Tunja, un proyecto esperado desde 2005, finalmente ha recibido luz verde tras la resoluci\u00f3n de problemas relacionados con el uso de suelos en el predio designado para su ubicaci\u00f3n. Este avance ha sido posible gracias al seguimiento realizado por el Tribunal Administrativo de Boyac\u00e1, que ha logrado destrabar el proyecto, el cual se estima estar\u00e1 listo en dos a\u00f1os y medio, seg\u00fan la empresa constructora encargada.<br \/><br \/>Carlos Gabriel Hern\u00e1ndez Carrillo, director del Departamento Administrativo de Planeaci\u00f3n Territorial de Tunja, explic\u00f3 en Caracol Radio los desaf\u00edos que ha enfrentado este proyecto desde sus inicios. \u00abEste frigor\u00edfico responde a un fallo por una acci\u00f3n popular del 2005, en el cual se establec\u00eda la necesidad de construir una planta de beneficio y sacrificio animal que permita garantizar la cadena de fr\u00edo para c\u00e1rnicos\u00bb, se\u00f1al\u00f3 Hern\u00e1ndez Carrillo. A lo largo de los a\u00f1os, el proyecto ha cambiado de ubicaci\u00f3n en tres ocasiones, hasta que en 2023 la Administraci\u00f3n Municipal declar\u00f3 de utilidad p\u00fablica un predio en la vereda Chorro Blanco, donde finalmente se construir\u00e1.<br \/><br \/>La construcci\u00f3n del frigor\u00edfico tiene un costo aproximado de 60 mil millones de pesos, aunque estos valores pueden variar debido a los cambios inflacionarios y el costo de los materiales de construcci\u00f3n. El Municipio de Tunja ha aportado 10 mil millones de pesos mediante un cr\u00e9dito p\u00fablico para financiar parte de la obra.<br \/><br \/>Por otro lado, la empresa Cicori S.A.S. y la Corporaci\u00f3n Aut\u00f3noma Regional de Boyac\u00e1 (Corpoboyac\u00e1) establecieron plazos inamovibles de entre dos y tres meses para la realizaci\u00f3n de estudios y la obtenci\u00f3n de licencias ambientales y de construcci\u00f3n. Una nueva audiencia se llevar\u00e1 a cabo a mediados de octubre para verificar el progreso de estos tr\u00e1mites.<br \/><br \/>El frigor\u00edfico no solo beneficiar\u00e1 a Tunja, sino tambi\u00e9n a toda la provincia Centro, as\u00ed como a las zonas sur y nororiental de Boyac\u00e1, e incluso a algunos municipios del suroccidente de Cundinamarca. Esta planta es vista como un proyecto de vital importancia para mejorar la infraestructura regional en t\u00e9rminos de procesamiento y comercializaci\u00f3n de productos c\u00e1rnicos.<br \/><br \/>La puesta en marcha del frigor\u00edfico representa un avance significativo en el cumplimiento de una obligaci\u00f3n pendiente desde hace casi dos d\u00e9cadas, y se espera que impulse el desarrollo econ\u00f3mico de las regiones aleda\u00f1as al proporcionar instalaciones modernas para el procesamiento y conservaci\u00f3n de carne, garantizando as\u00ed la seguridad alimentaria en el departamento.<\/span><\/span><\/span><\/p>\t\t\t\t\t\t\t\t<\/div>\n\t\t\t\t<\/div>\n\t\t\t\t\t<\/div>\n\t\t<\/div>\n\t\t\t\t\t<\/div>\n\t\t<\/section>\n\t\t\t\t<section class=\"elementor-section elementor-top-section elementor-element elementor-element-ac20cbd elementor-section-boxed elementor-section-height-default elementor-section-height-default\" data-id=\"ac20cbd\" data-element_type=\"section\" data-e-type=\"section\">\n\t\t\t\t\t\t<div class=\"elementor-container elementor-column-gap-default\">\n\t\t\t\t\t<div class=\"elementor-column elementor-col-100 elementor-top-column elementor-element elementor-element-10da45b\" data-id=\"10da45b\" data-element_type=\"column\" data-e-type=\"column\">\n\t\t\t<div class=\"elementor-widget-wrap elementor-element-populated\">\n\t\t\t\t\t\t<div class=\"elementor-element elementor-element-4c8136e elementor-widget__width-initial elementor-widget elementor-widget-button\" data-id=\"4c8136e\" data-element_type=\"widget\" data-e-type=\"widget\" data-widget_type=\"button.default\">\n\t\t\t\t<div class=\"elementor-widget-container\">\n\t\t\t\t\t\t\t\t\t<div class=\"elementor-button-wrapper\">\n\t\t\t\t\t<a class=\"elementor-button elementor-button-link elementor-size-sm\" href=\"https:\/\/whatsapp.com\/channel\/0029VaAjfv330LKT2pE2UU0q\">\n\t\t\t\t\t\t<span class=\"elementor-button-content-wrapper\">\n\t\t\t\t\t\t<span class=\"elementor-button-icon\">\n\t\t\t\t<i aria-hidden=\"true\" class=\"fab fa-whatsapp\"><\/i>\t\t\t<\/span>\n\t\t\t\t\t\t\t\t\t<span class=\"elementor-button-text\">S\u00edganos en nuestro canal de Whatsapp<\/span>\n\t\t\t\t\t<\/span>\n\t\t\t\t\t<\/a>\n\t\t\t\t<\/div>\n\t\t\t\t\t\t\t\t<\/div>\n\t\t\t\t<\/div>\n\t\t\t\t<div class=\"elementor-element elementor-element-8d33fa0 elementor-widget__width-initial elementor-widget elementor-widget-button\" data-id=\"8d33fa0\" data-element_type=\"widget\" data-e-type=\"widget\" data-widget_type=\"button.default\">\n\t\t\t\t<div class=\"elementor-widget-container\">\n\t\t\t\t\t\t\t\t\t<div class=\"elementor-button-wrapper\">\n\t\t\t\t\t<a class=\"elementor-button elementor-button-link elementor-size-sm\" href=\"https:\/\/x.com\/BoyacaLEinforma\">\n\t\t\t\t\t\t<span class=\"elementor-button-content-wrapper\">\n\t\t\t\t\t\t<span class=\"elementor-button-icon\">\n\t\t\t\t<i aria-hidden=\"true\" class=\"fab fa-x-twitter-square\"><\/i>\t\t\t<\/span>\n\t\t\t\t\t\t\t\t\t<span class=\"elementor-button-text\">S\u00edganos en X<\/span>\n\t\t\t\t\t<\/span>\n\t\t\t\t\t<\/a>\n\t\t\t\t<\/div>\n\t\t\t\t\t\t\t\t<\/div>\n\t\t\t\t<\/div>\n\t\t\t\t\t<\/div>\n\t\t<\/div>\n\t\t\t\t\t<\/div>\n\t\t<\/section>\n\t\t\t\t<section class=\"elementor-section elementor-top-section elementor-element elementor-element-8082daa elementor-section-boxed elementor-section-height-default elementor-section-height-default\" data-id=\"8082daa\" data-element_type=\"section\" data-e-type=\"section\">\n\t\t\t\t\t\t<div class=\"elementor-container elementor-column-gap-default\">\n\t\t\t\t\t<div class=\"elementor-column elementor-col-100 elementor-top-column elementor-element elementor-element-08d9d5a\" data-id=\"08d9d5a\" data-element_type=\"column\" data-e-type=\"column\">\n\t\t\t<div class=\"elementor-widget-wrap elementor-element-populated\">\n\t\t\t\t\t\t<div class=\"elementor-element elementor-element-5a76dcb elementor-widget__width-initial elementor-widget elementor-widget-button\" data-id=\"5a76dcb\" data-element_type=\"widget\" data-e-type=\"widget\" data-widget_type=\"button.default\">\n\t\t\t\t<div class=\"elementor-widget-container\">\n\t\t\t\t\t\t\t\t\t<div class=\"elementor-button-wrapper\">\n\t\t\t\t\t<a class=\"elementor-button elementor-button-link elementor-size-sm\" href=\"https:\/\/www.facebook.com\/Boyacaleinforma\">\n\t\t\t\t\t\t<span class=\"elementor-button-content-wrapper\">\n\t\t\t\t\t\t<span class=\"elementor-button-icon\">\n\t\t\t\t<i aria-hidden=\"true\" class=\"fab fa-facebook\"><\/i>\t\t\t<\/span>\n\t\t\t\t\t\t\t\t\t<span class=\"elementor-button-text\">S\u00edganos en facebook<\/span>\n\t\t\t\t\t<\/span>\n\t\t\t\t\t<\/a>\n\t\t\t\t<\/div>\n\t\t\t\t\t\t\t\t<\/div>\n\t\t\t\t<\/div>\n\t\t\t\t<div class=\"elementor-element elementor-element-090a23f elementor-widget__width-initial elementor-widget elementor-widget-button\" data-id=\"090a23f\" data-element_type=\"widget\" data-e-type=\"widget\" data-widget_type=\"button.default\">\n\t\t\t\t<div class=\"elementor-widget-container\">\n\t\t\t\t\t\t\t\t\t<div class=\"elementor-button-wrapper\">\n\t\t\t\t\t<a class=\"elementor-button elementor-button-link elementor-size-sm\" href=\"https:\/\/www.instagram.com\/boyacaleinforma\/\">\n\t\t\t\t\t\t<span class=\"elementor-button-content-wrapper\">\n\t\t\t\t\t\t<span class=\"elementor-button-icon\">\n\t\t\t\t<i aria-hidden=\"true\" class=\"fab fa-instagram\"><\/i>\t\t\t<\/span>\n\t\t\t\t\t\t\t\t\t<span class=\"elementor-button-text\">S\u00edganos en Instagram<\/span>\n\t\t\t\t\t<\/span>\n\t\t\t\t\t<\/a>\n\t\t\t\t<\/div>\n\t\t\t\t\t\t\t\t<\/div>\n\t\t\t\t<\/div>\n\t\t\t\t\t<\/div>\n\t\t<\/div>\n\t\t\t\t\t<\/div>\n\t\t<\/section>\n\t\t\t\t<section class=\"elementor-section elementor-top-section elementor-element elementor-element-0856796 elementor-section-boxed elementor-section-height-default elementor-section-height-default\" data-id=\"0856796\" data-element_type=\"section\" data-e-type=\"section\">\n\t\t\t\t\t\t<div class=\"elementor-container elementor-column-gap-default\">\n\t\t\t\t\t<div class=\"elementor-column elementor-col-100 elementor-top-column elementor-element elementor-element-6979e4d\" data-id=\"6979e4d\" data-element_type=\"column\" data-e-type=\"column\">\n\t\t\t<div class=\"elementor-widget-wrap elementor-element-populated\">\n\t\t\t\t\t\t<div class=\"elementor-element elementor-element-f45ea9d elementor-widget elementor-widget-button\" data-id=\"f45ea9d\" data-element_type=\"widget\" data-e-type=\"widget\" data-widget_type=\"button.default\">\n\t\t\t\t<div class=\"elementor-widget-container\">\n\t\t\t\t\t\t\t\t\t<div class=\"elementor-button-wrapper\">\n\t\t\t\t\t<a class=\"elementor-button elementor-button-link elementor-size-sm\" href=\"https:\/\/www.youtube.com\/channel\/UCGVsETSHpTEGKml3omnlscA\">\n\t\t\t\t\t\t<span class=\"elementor-button-content-wrapper\">\n\t\t\t\t\t\t<span class=\"elementor-button-icon\">\n\t\t\t\t<i aria-hidden=\"true\" class=\"fab fa-youtube\"><\/i>\t\t\t<\/span>\n\t\t\t\t\t\t\t\t\t<span class=\"elementor-button-text\">S\u00edganos en Youtube<\/span>\n\t\t\t\t\t<\/span>\n\t\t\t\t\t<\/a>\n\t\t\t\t<\/div>\n\t\t\t\t\t\t\t\t<\/div>\n\t\t\t\t<\/div>\n\t\t\t\t\t<\/div>\n\t\t<\/div>\n\t\t\t\t\t<\/div>\n\t\t<\/section>\n\t\t\t\t<\/div>\n\t\t","protected":false},"excerpt":{"rendered":"<p>Foto: UHN La construcci\u00f3n del frigor\u00edfico de Tunja, un proyecto esperado desde 2005, finalmente ha recibido luz verde<\/p>\n","protected":false},"author":1,"featured_media":24325,"comment_status":"open","ping_status":"open","sticky":false,"template":"","format":"image","meta":{"om_disable_all_campaigns":false,"_monsterinsights_skip_tracking":false,"_monsterinsights_sitenote_active":false,"_monsterinsights_sitenote_note":"","_monsterinsights_sitenote_category":0,"footnotes":""},"categories":[6],"tags":[10],"class_list":["post-24311","post","type-post","status-publish","format-image","has-post-thumbnail","hentry","category-tunja","tag-noticias","post_format-post-format-image"],"aioseo_notices":[],"_links":{"self":[{"href":"https:\/\/www.boyacaleinforma.com\/index.php?rest_route=\/wp\/v2\/posts\/24311","targetHints":{"allow":["GET"]}}],"collection":[{"href":"https:\/\/www.boyacaleinforma.com\/index.php?rest_route=\/wp\/v2\/posts"}],"about":[{"href":"https:\/\/www.boyacaleinforma.com\/index.php?rest_route=\/wp\/v2\/types\/post"}],"author":[{"embeddable":true,"href":"https:\/\/www.boyacaleinforma.com\/index.php?rest_route=\/wp\/v2\/users\/1"}],"replies":[{"embeddable":true,"href":"https:\/\/www.boyacaleinforma.com\/index.php?rest_route=%2Fwp%2Fv2%2Fcomments&post=24311"}],"version-history":[{"count":0,"href":"https:\/\/www.boyacaleinforma.com\/index.php?rest_route=\/wp\/v2\/posts\/24311\/revisions"}],"wp:featuredmedia":[{"embeddable":true,"href":"https:\/\/www.boyacaleinforma.com\/index.php?rest_route=\/wp\/v2\/media\/24325"}],"wp:attachment":[{"href":"https:\/\/www.boyacaleinforma.com\/index.php?rest_route=%2Fwp%2Fv2%2Fmedia&parent=24311"}],"wp:term":[{"taxonomy":"category","embeddable":true,"href":"https:\/\/www.boyacaleinforma.com\/index.php?rest_route=%2Fwp%2Fv2%2Fcategories&post=24311"},{"taxonomy":"post_tag","embeddable":true,"href":"https:\/\/www.boyacaleinforma.com\/index.php?rest_route=%2Fwp%2Fv2%2Ftags&post=24311"}],"curies":[{"name":"wp","href":"https:\/\/api.w.org\/{rel}","templated":true}]}}