{"id":24502,"date":"2024-09-17T09:24:04","date_gmt":"2024-09-17T14:24:04","guid":{"rendered":"https:\/\/www.boyacaleinforma.com\/?p=24502"},"modified":"2024-09-17T09:29:31","modified_gmt":"2024-09-17T14:29:31","slug":"procuraduria-destituye-e-inhabilita-por-13-anos-a-concejal-de-piedecuesta-por-abuso-de-autoridad-copy-copy-copy-copy-copy","status":"publish","type":"post","link":"https:\/\/www.boyacaleinforma.com\/?p=24502","title":{"rendered":"Colombia enfrenta 15 incendios activos mientras la sequ\u00eda persiste"},"content":{"rendered":"\t\t<div data-elementor-type=\"wp-post\" data-elementor-id=\"24502\" class=\"elementor elementor-24502\" data-elementor-post-type=\"post\">\n\t\t\t\t\t\t<section class=\"elementor-section elementor-top-section elementor-element elementor-element-62b311ee elementor-section-boxed elementor-section-height-default elementor-section-height-default\" data-id=\"62b311ee\" data-element_type=\"section\" data-e-type=\"section\">\n\t\t\t\t\t\t<div class=\"elementor-container elementor-column-gap-default\">\n\t\t\t\t\t<div class=\"elementor-column elementor-col-100 elementor-top-column elementor-element elementor-element-22e424c5\" data-id=\"22e424c5\" data-element_type=\"column\" data-e-type=\"column\">\n\t\t\t<div class=\"elementor-widget-wrap elementor-element-populated\">\n\t\t\t\t\t\t<div class=\"elementor-element elementor-element-7799c32 elementor-widget elementor-widget-image\" data-id=\"7799c32\" data-element_type=\"widget\" data-e-type=\"widget\" data-widget_type=\"image.default\">\n\t\t\t\t<div class=\"elementor-widget-container\">\n\t\t\t\t\t\t\t\t\t\t\t\t<figure class=\"wp-caption\">\n\t\t\t\t\t\t\t\t\t\t<img loading=\"lazy\" width=\"640\" height=\"353\" src=\"https:\/\/www.boyacaleinforma.com\/wp-content\/uploads\/2024\/09\/konuco-768x424.jpeg\" class=\"attachment-medium_large size-medium_large wp-image-24509\" alt=\"konuco\" srcset=\"https:\/\/www.boyacaleinforma.com\/wp-content\/uploads\/2024\/09\/konuco-768x424.jpeg 768w, https:\/\/www.boyacaleinforma.com\/wp-content\/uploads\/2024\/09\/konuco-300x166.jpeg 300w, https:\/\/www.boyacaleinforma.com\/wp-content\/uploads\/2024\/09\/konuco.jpeg 829w\" sizes=\"auto, (max-width: 640px) 100vw, 640px\" loading=\"lazy\" decoding=\"async\" \/>\t\t\t\t\t\t\t\t\t\t\t<figcaption class=\"widget-image-caption wp-caption-text\">Foto: Konuco<\/figcaption>\n\t\t\t\t\t\t\t\t\t\t<\/figure>\n\t\t\t\t\t\t\t\t\t<\/div>\n\t\t\t\t<\/div>\n\t\t\t\t<div class=\"elementor-element elementor-element-16316330 elementor-widget elementor-widget-text-editor\" data-id=\"16316330\" data-element_type=\"widget\" data-e-type=\"widget\" data-widget_type=\"text-editor.default\">\n\t\t\t\t<div class=\"elementor-widget-container\">\n\t\t\t\t\t\t\t\t\t<p class=\"western\" align=\"justify\"><span style=\"color: #000000;\"><span style=\"font-family: Arial, serif;\"><span style=\"font-size: medium;\">La crisis de incendios forestales en Colombia se intensifica con 15 incendios activos en los departamentos de Tolima, Huila, Cauca, Boyac\u00e1 y Nari\u00f1o, mientras las lluvias siguen ausentes. Solo en Tolima y Huila, las llamas han consumido 23.000 hect\u00e1reas en las \u00faltimas semanas, lo que ha provocado una alerta nacional.<br \/><br \/>El panorama, seg\u00fan la Unidad Nacional para la Gesti\u00f3n de Riesgos de Desastres, es alarmante. Las altas temperaturas y la falta de lluvias est\u00e1n causando estragos, siendo Tolima el departamento m\u00e1s afectado. En esta regi\u00f3n se han reportado cinco incendios activos en municipios como Ataco, Natagaima, Prado y Valle de San Juan. En total, 8.000 hect\u00e1reas de bosques han sido destruidas en al menos 30 municipios del departamento.<br \/><br \/>El gobernador de Tolima, Ricardo Orozco, hizo un llamado urgente por m\u00e1s apoyo para enfrentar la situaci\u00f3n. \u201cQuiero agradecer todo el apoyo que hemos recibido de parte de los bomberos, de los cuerpos de socorro, tambi\u00e9n del Ej\u00e9rcito y de la Polic\u00eda Nacional; pero necesitamos m\u00e1s apoyo para poder atender los incendios\u201d, expres\u00f3 Orozco.<br \/><br \/><\/span><\/span><\/span><span style=\"color: #000000;\"><span style=\"font-family: Arial, serif;\"><span style=\"font-size: medium;\"><b>Boyac\u00e1 y Nari\u00f1o tambi\u00e9n en emergencia<\/b><\/span><\/span><\/span><span style=\"color: #000000;\"><span style=\"font-family: Arial, serif;\"><span style=\"font-size: medium;\"><br \/>La situaci\u00f3n en Boyac\u00e1 no es menos preocupante. Incendios en zonas como Marip\u00ed y R\u00e1quira han obligado a suspender el tr\u00e1fico a\u00e9reo debido a la alta concentraci\u00f3n de part\u00edculas contaminantes en el aire, lo que ha puesto a varias poblaciones bajo alerta.<br \/><br \/>En Nari\u00f1o, aunque la situaci\u00f3n ha mejorado en los \u00faltimos d\u00edas, persiste la amenaza en Chachag\u00fc\u00ed, donde los incendios siguen activos. El departamento ha sido afectado por m\u00e1s de 200 emergencias clim\u00e1ticas, entre incendios y otros desastres, en los \u00faltimos tres meses. La Gobernaci\u00f3n ha advertido sobre la magnitud de los da\u00f1os, que reflejan un escenario de condiciones clim\u00e1ticas cada vez m\u00e1s impredecibles.<br \/><br \/><\/span><\/span><\/span><span style=\"color: #000000;\"><span style=\"font-family: Arial, serif;\"><span style=\"font-size: medium;\"><b>Perspectiva clim\u00e1tica<\/b><\/span><\/span><\/span><span style=\"color: #000000;\"><span style=\"font-family: Arial, serif;\"><span style=\"font-size: medium;\"><br \/>El Instituto de Hidrolog\u00eda, Meteorolog\u00eda y Estudios Ambientales (Ideam) recalcul\u00f3 esta semana sus proyecciones y advirti\u00f3 que existe un 66% de probabilidad de que el fen\u00f3meno de La Ni\u00f1a se presente entre finales de septiembre y noviembre. Sin embargo, las lluvias que podr\u00edan llegar se espera que sean de baja densidad y se prolongar\u00edan hasta 2025, lo que genera preocupaci\u00f3n sobre la efectividad para mitigar los incendios y aliviar la sequ\u00eda.<br \/><br \/>La situaci\u00f3n en Colombia sigue siendo cr\u00edtica, con regiones devastadas por los incendios y un clima que no ofrece se\u00f1ales claras de mejora inmediata. La respuesta de las autoridades y la capacidad de los cuerpos de emergencia ser\u00e1n clave en los pr\u00f3ximos d\u00edas para contener el avance de las llamas.<\/span><\/span><\/span><\/p>\t\t\t\t\t\t\t\t<\/div>\n\t\t\t\t<\/div>\n\t\t\t\t\t<\/div>\n\t\t<\/div>\n\t\t\t\t\t<\/div>\n\t\t<\/section>\n\t\t\t\t<section class=\"elementor-section elementor-top-section elementor-element elementor-element-ac20cbd elementor-section-boxed elementor-section-height-default elementor-section-height-default\" data-id=\"ac20cbd\" data-element_type=\"section\" data-e-type=\"section\">\n\t\t\t\t\t\t<div class=\"elementor-container elementor-column-gap-default\">\n\t\t\t\t\t<div class=\"elementor-column elementor-col-100 elementor-top-column elementor-element elementor-element-10da45b\" data-id=\"10da45b\" data-element_type=\"column\" data-e-type=\"column\">\n\t\t\t<div class=\"elementor-widget-wrap elementor-element-populated\">\n\t\t\t\t\t\t<div class=\"elementor-element elementor-element-4c8136e elementor-widget__width-initial elementor-widget elementor-widget-button\" data-id=\"4c8136e\" data-element_type=\"widget\" data-e-type=\"widget\" data-widget_type=\"button.default\">\n\t\t\t\t<div class=\"elementor-widget-container\">\n\t\t\t\t\t\t\t\t\t<div class=\"elementor-button-wrapper\">\n\t\t\t\t\t<a class=\"elementor-button elementor-button-link elementor-size-sm\" href=\"https:\/\/whatsapp.com\/channel\/0029VaAjfv330LKT2pE2UU0q\">\n\t\t\t\t\t\t<span class=\"elementor-button-content-wrapper\">\n\t\t\t\t\t\t<span class=\"elementor-button-icon\">\n\t\t\t\t<i aria-hidden=\"true\" class=\"fab fa-whatsapp\"><\/i>\t\t\t<\/span>\n\t\t\t\t\t\t\t\t\t<span class=\"elementor-button-text\">S\u00edganos en nuestro canal de Whatsapp<\/span>\n\t\t\t\t\t<\/span>\n\t\t\t\t\t<\/a>\n\t\t\t\t<\/div>\n\t\t\t\t\t\t\t\t<\/div>\n\t\t\t\t<\/div>\n\t\t\t\t<div class=\"elementor-element elementor-element-8d33fa0 elementor-widget__width-initial elementor-widget elementor-widget-button\" data-id=\"8d33fa0\" data-element_type=\"widget\" data-e-type=\"widget\" data-widget_type=\"button.default\">\n\t\t\t\t<div class=\"elementor-widget-container\">\n\t\t\t\t\t\t\t\t\t<div class=\"elementor-button-wrapper\">\n\t\t\t\t\t<a class=\"elementor-button elementor-button-link elementor-size-sm\" href=\"https:\/\/x.com\/BoyacaLEinforma\">\n\t\t\t\t\t\t<span class=\"elementor-button-content-wrapper\">\n\t\t\t\t\t\t<span class=\"elementor-button-icon\">\n\t\t\t\t<i aria-hidden=\"true\" class=\"fab fa-x-twitter-square\"><\/i>\t\t\t<\/span>\n\t\t\t\t\t\t\t\t\t<span class=\"elementor-button-text\">S\u00edganos en X<\/span>\n\t\t\t\t\t<\/span>\n\t\t\t\t\t<\/a>\n\t\t\t\t<\/div>\n\t\t\t\t\t\t\t\t<\/div>\n\t\t\t\t<\/div>\n\t\t\t\t\t<\/div>\n\t\t<\/div>\n\t\t\t\t\t<\/div>\n\t\t<\/section>\n\t\t\t\t<section class=\"elementor-section elementor-top-section elementor-element elementor-element-8082daa elementor-section-boxed elementor-section-height-default elementor-section-height-default\" data-id=\"8082daa\" data-element_type=\"section\" data-e-type=\"section\">\n\t\t\t\t\t\t<div class=\"elementor-container elementor-column-gap-default\">\n\t\t\t\t\t<div class=\"elementor-column elementor-col-100 elementor-top-column elementor-element elementor-element-08d9d5a\" data-id=\"08d9d5a\" data-element_type=\"column\" data-e-type=\"column\">\n\t\t\t<div class=\"elementor-widget-wrap elementor-element-populated\">\n\t\t\t\t\t\t<div class=\"elementor-element elementor-element-5a76dcb elementor-widget__width-initial elementor-widget elementor-widget-button\" data-id=\"5a76dcb\" data-element_type=\"widget\" data-e-type=\"widget\" data-widget_type=\"button.default\">\n\t\t\t\t<div class=\"elementor-widget-container\">\n\t\t\t\t\t\t\t\t\t<div class=\"elementor-button-wrapper\">\n\t\t\t\t\t<a class=\"elementor-button elementor-button-link elementor-size-sm\" href=\"https:\/\/www.facebook.com\/Boyacaleinforma\">\n\t\t\t\t\t\t<span class=\"elementor-button-content-wrapper\">\n\t\t\t\t\t\t<span class=\"elementor-button-icon\">\n\t\t\t\t<i aria-hidden=\"true\" class=\"fab fa-facebook\"><\/i>\t\t\t<\/span>\n\t\t\t\t\t\t\t\t\t<span class=\"elementor-button-text\">S\u00edganos en facebook<\/span>\n\t\t\t\t\t<\/span>\n\t\t\t\t\t<\/a>\n\t\t\t\t<\/div>\n\t\t\t\t\t\t\t\t<\/div>\n\t\t\t\t<\/div>\n\t\t\t\t<div class=\"elementor-element elementor-element-090a23f elementor-widget__width-initial elementor-widget elementor-widget-button\" data-id=\"090a23f\" data-element_type=\"widget\" data-e-type=\"widget\" data-widget_type=\"button.default\">\n\t\t\t\t<div class=\"elementor-widget-container\">\n\t\t\t\t\t\t\t\t\t<div class=\"elementor-button-wrapper\">\n\t\t\t\t\t<a class=\"elementor-button elementor-button-link elementor-size-sm\" href=\"https:\/\/www.instagram.com\/boyacaleinforma\/\">\n\t\t\t\t\t\t<span class=\"elementor-button-content-wrapper\">\n\t\t\t\t\t\t<span class=\"elementor-button-icon\">\n\t\t\t\t<i aria-hidden=\"true\" class=\"fab fa-instagram\"><\/i>\t\t\t<\/span>\n\t\t\t\t\t\t\t\t\t<span class=\"elementor-button-text\">S\u00edganos en Instagram<\/span>\n\t\t\t\t\t<\/span>\n\t\t\t\t\t<\/a>\n\t\t\t\t<\/div>\n\t\t\t\t\t\t\t\t<\/div>\n\t\t\t\t<\/div>\n\t\t\t\t\t<\/div>\n\t\t<\/div>\n\t\t\t\t\t<\/div>\n\t\t<\/section>\n\t\t\t\t<section class=\"elementor-section elementor-top-section elementor-element elementor-element-0856796 elementor-section-boxed elementor-section-height-default elementor-section-height-default\" data-id=\"0856796\" data-element_type=\"section\" data-e-type=\"section\">\n\t\t\t\t\t\t<div class=\"elementor-container elementor-column-gap-default\">\n\t\t\t\t\t<div class=\"elementor-column elementor-col-100 elementor-top-column elementor-element elementor-element-6979e4d\" data-id=\"6979e4d\" data-element_type=\"column\" data-e-type=\"column\">\n\t\t\t<div class=\"elementor-widget-wrap elementor-element-populated\">\n\t\t\t\t\t\t<div class=\"elementor-element elementor-element-f45ea9d elementor-widget elementor-widget-button\" data-id=\"f45ea9d\" data-element_type=\"widget\" data-e-type=\"widget\" data-widget_type=\"button.default\">\n\t\t\t\t<div class=\"elementor-widget-container\">\n\t\t\t\t\t\t\t\t\t<div class=\"elementor-button-wrapper\">\n\t\t\t\t\t<a class=\"elementor-button elementor-button-link elementor-size-sm\" href=\"https:\/\/www.youtube.com\/channel\/UCGVsETSHpTEGKml3omnlscA\">\n\t\t\t\t\t\t<span class=\"elementor-button-content-wrapper\">\n\t\t\t\t\t\t<span class=\"elementor-button-icon\">\n\t\t\t\t<i aria-hidden=\"true\" class=\"fab fa-youtube\"><\/i>\t\t\t<\/span>\n\t\t\t\t\t\t\t\t\t<span class=\"elementor-button-text\">S\u00edganos en Youtube<\/span>\n\t\t\t\t\t<\/span>\n\t\t\t\t\t<\/a>\n\t\t\t\t<\/div>\n\t\t\t\t\t\t\t\t<\/div>\n\t\t\t\t<\/div>\n\t\t\t\t\t<\/div>\n\t\t<\/div>\n\t\t\t\t\t<\/div>\n\t\t<\/section>\n\t\t\t\t<\/div>\n\t\t","protected":false},"excerpt":{"rendered":"<p>Foto: Konuco La crisis de incendios forestales en Colombia se intensifica con 15 incendios activos en los departamentos<\/p>\n","protected":false},"author":1,"featured_media":24509,"comment_status":"open","ping_status":"open","sticky":false,"template":"","format":"image","meta":{"om_disable_all_campaigns":false,"_monsterinsights_skip_tracking":false,"_monsterinsights_sitenote_active":false,"_monsterinsights_sitenote_note":"","_monsterinsights_sitenote_category":0,"footnotes":""},"categories":[9],"tags":[10],"class_list":["post-24502","post","type-post","status-publish","format-image","has-post-thumbnail","hentry","category-colombia","tag-noticias","post_format-post-format-image"],"aioseo_notices":[],"_links":{"self":[{"href":"https:\/\/www.boyacaleinforma.com\/index.php?rest_route=\/wp\/v2\/posts\/24502","targetHints":{"allow":["GET"]}}],"collection":[{"href":"https:\/\/www.boyacaleinforma.com\/index.php?rest_route=\/wp\/v2\/posts"}],"about":[{"href":"https:\/\/www.boyacaleinforma.com\/index.php?rest_route=\/wp\/v2\/types\/post"}],"author":[{"embeddable":true,"href":"https:\/\/www.boyacaleinforma.com\/index.php?rest_route=\/wp\/v2\/users\/1"}],"replies":[{"embeddable":true,"href":"https:\/\/www.boyacaleinforma.com\/index.php?rest_route=%2Fwp%2Fv2%2Fcomments&post=24502"}],"version-history":[{"count":0,"href":"https:\/\/www.boyacaleinforma.com\/index.php?rest_route=\/wp\/v2\/posts\/24502\/revisions"}],"wp:featuredmedia":[{"embeddable":true,"href":"https:\/\/www.boyacaleinforma.com\/index.php?rest_route=\/wp\/v2\/media\/24509"}],"wp:attachment":[{"href":"https:\/\/www.boyacaleinforma.com\/index.php?rest_route=%2Fwp%2Fv2%2Fmedia&parent=24502"}],"wp:term":[{"taxonomy":"category","embeddable":true,"href":"https:\/\/www.boyacaleinforma.com\/index.php?rest_route=%2Fwp%2Fv2%2Fcategories&post=24502"},{"taxonomy":"post_tag","embeddable":true,"href":"https:\/\/www.boyacaleinforma.com\/index.php?rest_route=%2Fwp%2Fv2%2Ftags&post=24502"}],"curies":[{"name":"wp","href":"https:\/\/api.w.org\/{rel}","templated":true}]}}