{"id":24735,"date":"2024-09-23T10:41:53","date_gmt":"2024-09-23T15:41:53","guid":{"rendered":"https:\/\/www.boyacaleinforma.com\/?p=24735"},"modified":"2024-09-23T10:57:46","modified_gmt":"2024-09-23T15:57:46","slug":"encarcelan-a-hombre-por-presunto-homicidio-relacionado-con-una-deuda-en-boyaca-copy-copy","status":"publish","type":"post","link":"https:\/\/www.boyacaleinforma.com\/?p=24735","title":{"rendered":"Egan Bernal mira hacia un nuevo objetivo: conquistar la Vuelta a Espa\u00f1a"},"content":{"rendered":"\t\t<div data-elementor-type=\"wp-post\" data-elementor-id=\"24735\" class=\"elementor elementor-24735\" data-elementor-post-type=\"post\">\n\t\t\t\t\t\t<section class=\"elementor-section elementor-top-section elementor-element elementor-element-62b311ee elementor-section-boxed elementor-section-height-default elementor-section-height-default\" data-id=\"62b311ee\" data-element_type=\"section\" data-e-type=\"section\">\n\t\t\t\t\t\t<div class=\"elementor-container elementor-column-gap-default\">\n\t\t\t\t\t<div class=\"elementor-column elementor-col-100 elementor-top-column elementor-element elementor-element-22e424c5\" data-id=\"22e424c5\" data-element_type=\"column\" data-e-type=\"column\">\n\t\t\t<div class=\"elementor-widget-wrap elementor-element-populated\">\n\t\t\t\t\t\t<div class=\"elementor-element elementor-element-7799c32 elementor-widget elementor-widget-image\" data-id=\"7799c32\" data-element_type=\"widget\" data-e-type=\"widget\" data-widget_type=\"image.default\">\n\t\t\t\t<div class=\"elementor-widget-container\">\n\t\t\t\t\t\t\t\t\t\t\t\t<figure class=\"wp-caption\">\n\t\t\t\t\t\t\t\t\t\t<img loading=\"lazy\" width=\"318\" height=\"159\" src=\"https:\/\/www.boyacaleinforma.com\/wp-content\/uploads\/2024\/09\/el-tiempo-1.jpg\" class=\"attachment-medium_large size-medium_large wp-image-24745\" alt=\"el tiempo\" srcset=\"https:\/\/www.boyacaleinforma.com\/wp-content\/uploads\/2024\/09\/el-tiempo-1.jpg 318w, https:\/\/www.boyacaleinforma.com\/wp-content\/uploads\/2024\/09\/el-tiempo-1-300x150.jpg 300w\" sizes=\"auto, (max-width: 318px) 100vw, 318px\" loading=\"lazy\" decoding=\"async\" \/>\t\t\t\t\t\t\t\t\t\t\t<figcaption class=\"widget-image-caption wp-caption-text\">Foto: El Tiempo<\/figcaption>\n\t\t\t\t\t\t\t\t\t\t<\/figure>\n\t\t\t\t\t\t\t\t\t<\/div>\n\t\t\t\t<\/div>\n\t\t\t\t<div class=\"elementor-element elementor-element-16316330 elementor-widget elementor-widget-text-editor\" data-id=\"16316330\" data-element_type=\"widget\" data-e-type=\"widget\" data-widget_type=\"text-editor.default\">\n\t\t\t\t<div class=\"elementor-widget-container\">\n\t\t\t\t\t\t\t\t\t<p class=\"western\" align=\"justify\"><span style=\"color: #000000;\"><span style=\"font-family: Arial, serif;\"><span style=\"font-size: medium;\">Egan Bernal, campe\u00f3n del Tour de Francia en 2019 y del Giro de Italia en 2021, ha reflexionado sobre su desempe\u00f1o en la temporada 2024 y los retos que a\u00fan lo motivan. A pesar de no haber cumplido todas sus expectativas este a\u00f1o, el ciclista colombiano mantiene un objetivo claro: ganar la Vuelta a Espa\u00f1a, la \u00fanica de las tres Grandes Vueltas que falta en su palmar\u00e9s.<br \/><br \/>En una entrevista reciente con As Colombia, Bernal analiz\u00f3 su rendimiento y admiti\u00f3 que la temporada fue compleja, aunque no necesariamente negativa: \u201cNo fue malo. Tengo mi pasado y no quiero que suene siempre como excusa, pero estuvo muy lejos de lo que esperaba. Empec\u00e9 el a\u00f1o con otras expectativas. Quer\u00eda volver a ganar carreras y, entre una cosa y otra, las cosas se complicaron\u201d.<br \/><br \/>El ciclista, que ha luchado por regresar a la \u00e9lite tras el grave accidente sufrido en 2022, reconoci\u00f3 que, aunque ha mejorado en algunos aspectos, la competencia en el ciclismo mundial ha alcanzado niveles alt\u00edsimos: \u201cIncluso tengo mejores n\u00fameros que antes, pero los dem\u00e1s est\u00e1n a un nivel mucho m\u00e1s alto. Fue dif\u00edcil ganar el Tour y el Giro cuando estaba en una buena posici\u00f3n, por lo que ser\u00e1 dif\u00edcil ganar esa Vuelta. No hay carreras f\u00e1ciles, nunca es f\u00e1cil ganar o terminar una carrera\u201d.<br \/><br \/>A pesar de los desaf\u00edos, Bernal se muestra ambicioso y realista. Sabe que conquistar la Vuelta a Espa\u00f1a no ser\u00e1 una tarea sencilla, pero sigue so\u00f1ando con vestir el maillot rojo de l\u00edder: \u201cSiempre pienso en ganar la Vuelta, es mi sue\u00f1o. Por alguna raz\u00f3n, en la historia del ciclismo, pocos han ganado las tres Grandes Vueltas y eso no es f\u00e1cil de hacer\u201d, expres\u00f3 el colombiano, consciente de que lograrlo lo colocar\u00eda en una posici\u00f3n privilegiada dentro de la historia del ciclismo mundial.<br \/><br \/>Con la mirada puesta en 2025, Bernal espera poder enfrentar a los mejores ciclistas del mundo en la Vuelta a Espa\u00f1a y, si las circunstancias se alinean, cumplir con su anhelo de a\u00f1adir una nueva victoria a su ilustre carrera. Aunque sabe que ser\u00e1 dif\u00edcil, el colombiano mantiene la confianza en su capacidad y en el proceso de recuperaci\u00f3n que ha seguido desde su accidente.<br \/><br \/>Su enfoque para el futuro est\u00e1 claro: conquistar esa Vuelta que tanto desea y demostrar que sigue siendo uno de los grandes del ciclismo.<\/span><\/span><\/span><\/p>\t\t\t\t\t\t\t\t<\/div>\n\t\t\t\t<\/div>\n\t\t\t\t\t<\/div>\n\t\t<\/div>\n\t\t\t\t\t<\/div>\n\t\t<\/section>\n\t\t\t\t<section class=\"elementor-section elementor-top-section elementor-element elementor-element-ac20cbd elementor-section-boxed elementor-section-height-default elementor-section-height-default\" data-id=\"ac20cbd\" data-element_type=\"section\" data-e-type=\"section\">\n\t\t\t\t\t\t<div class=\"elementor-container elementor-column-gap-default\">\n\t\t\t\t\t<div class=\"elementor-column elementor-col-100 elementor-top-column elementor-element elementor-element-10da45b\" data-id=\"10da45b\" data-element_type=\"column\" data-e-type=\"column\">\n\t\t\t<div class=\"elementor-widget-wrap elementor-element-populated\">\n\t\t\t\t\t\t<div class=\"elementor-element elementor-element-4c8136e elementor-widget__width-initial elementor-widget elementor-widget-button\" data-id=\"4c8136e\" data-element_type=\"widget\" data-e-type=\"widget\" data-widget_type=\"button.default\">\n\t\t\t\t<div class=\"elementor-widget-container\">\n\t\t\t\t\t\t\t\t\t<div class=\"elementor-button-wrapper\">\n\t\t\t\t\t<a class=\"elementor-button elementor-button-link elementor-size-sm\" href=\"https:\/\/whatsapp.com\/channel\/0029VaAjfv330LKT2pE2UU0q\">\n\t\t\t\t\t\t<span class=\"elementor-button-content-wrapper\">\n\t\t\t\t\t\t<span class=\"elementor-button-icon\">\n\t\t\t\t<i aria-hidden=\"true\" class=\"fab fa-whatsapp\"><\/i>\t\t\t<\/span>\n\t\t\t\t\t\t\t\t\t<span class=\"elementor-button-text\">S\u00edganos en nuestro canal de Whatsapp<\/span>\n\t\t\t\t\t<\/span>\n\t\t\t\t\t<\/a>\n\t\t\t\t<\/div>\n\t\t\t\t\t\t\t\t<\/div>\n\t\t\t\t<\/div>\n\t\t\t\t<div class=\"elementor-element elementor-element-8d33fa0 elementor-widget__width-initial elementor-widget elementor-widget-button\" data-id=\"8d33fa0\" data-element_type=\"widget\" data-e-type=\"widget\" data-widget_type=\"button.default\">\n\t\t\t\t<div class=\"elementor-widget-container\">\n\t\t\t\t\t\t\t\t\t<div class=\"elementor-button-wrapper\">\n\t\t\t\t\t<a class=\"elementor-button elementor-button-link elementor-size-sm\" href=\"https:\/\/x.com\/BoyacaLEinforma\">\n\t\t\t\t\t\t<span class=\"elementor-button-content-wrapper\">\n\t\t\t\t\t\t<span class=\"elementor-button-icon\">\n\t\t\t\t<i aria-hidden=\"true\" class=\"fab fa-x-twitter-square\"><\/i>\t\t\t<\/span>\n\t\t\t\t\t\t\t\t\t<span class=\"elementor-button-text\">S\u00edganos en X<\/span>\n\t\t\t\t\t<\/span>\n\t\t\t\t\t<\/a>\n\t\t\t\t<\/div>\n\t\t\t\t\t\t\t\t<\/div>\n\t\t\t\t<\/div>\n\t\t\t\t\t<\/div>\n\t\t<\/div>\n\t\t\t\t\t<\/div>\n\t\t<\/section>\n\t\t\t\t<section class=\"elementor-section elementor-top-section elementor-element elementor-element-8082daa elementor-section-boxed elementor-section-height-default elementor-section-height-default\" data-id=\"8082daa\" data-element_type=\"section\" data-e-type=\"section\">\n\t\t\t\t\t\t<div class=\"elementor-container elementor-column-gap-default\">\n\t\t\t\t\t<div class=\"elementor-column elementor-col-100 elementor-top-column elementor-element elementor-element-08d9d5a\" data-id=\"08d9d5a\" data-element_type=\"column\" data-e-type=\"column\">\n\t\t\t<div class=\"elementor-widget-wrap elementor-element-populated\">\n\t\t\t\t\t\t<div class=\"elementor-element elementor-element-5a76dcb elementor-widget__width-initial elementor-widget elementor-widget-button\" data-id=\"5a76dcb\" data-element_type=\"widget\" data-e-type=\"widget\" data-widget_type=\"button.default\">\n\t\t\t\t<div class=\"elementor-widget-container\">\n\t\t\t\t\t\t\t\t\t<div class=\"elementor-button-wrapper\">\n\t\t\t\t\t<a class=\"elementor-button elementor-button-link elementor-size-sm\" href=\"https:\/\/www.facebook.com\/Boyacaleinforma\">\n\t\t\t\t\t\t<span class=\"elementor-button-content-wrapper\">\n\t\t\t\t\t\t<span class=\"elementor-button-icon\">\n\t\t\t\t<i aria-hidden=\"true\" class=\"fab fa-facebook\"><\/i>\t\t\t<\/span>\n\t\t\t\t\t\t\t\t\t<span class=\"elementor-button-text\">S\u00edganos en facebook<\/span>\n\t\t\t\t\t<\/span>\n\t\t\t\t\t<\/a>\n\t\t\t\t<\/div>\n\t\t\t\t\t\t\t\t<\/div>\n\t\t\t\t<\/div>\n\t\t\t\t<div class=\"elementor-element elementor-element-090a23f elementor-widget__width-initial elementor-widget elementor-widget-button\" data-id=\"090a23f\" data-element_type=\"widget\" data-e-type=\"widget\" data-widget_type=\"button.default\">\n\t\t\t\t<div class=\"elementor-widget-container\">\n\t\t\t\t\t\t\t\t\t<div class=\"elementor-button-wrapper\">\n\t\t\t\t\t<a class=\"elementor-button elementor-button-link elementor-size-sm\" href=\"https:\/\/www.instagram.com\/boyacaleinforma\/\">\n\t\t\t\t\t\t<span class=\"elementor-button-content-wrapper\">\n\t\t\t\t\t\t<span class=\"elementor-button-icon\">\n\t\t\t\t<i aria-hidden=\"true\" class=\"fab fa-instagram\"><\/i>\t\t\t<\/span>\n\t\t\t\t\t\t\t\t\t<span class=\"elementor-button-text\">S\u00edganos en Instagram<\/span>\n\t\t\t\t\t<\/span>\n\t\t\t\t\t<\/a>\n\t\t\t\t<\/div>\n\t\t\t\t\t\t\t\t<\/div>\n\t\t\t\t<\/div>\n\t\t\t\t\t<\/div>\n\t\t<\/div>\n\t\t\t\t\t<\/div>\n\t\t<\/section>\n\t\t\t\t<section class=\"elementor-section elementor-top-section elementor-element elementor-element-0856796 elementor-section-boxed elementor-section-height-default elementor-section-height-default\" data-id=\"0856796\" data-element_type=\"section\" data-e-type=\"section\">\n\t\t\t\t\t\t<div class=\"elementor-container elementor-column-gap-default\">\n\t\t\t\t\t<div class=\"elementor-column elementor-col-100 elementor-top-column elementor-element elementor-element-6979e4d\" data-id=\"6979e4d\" data-element_type=\"column\" data-e-type=\"column\">\n\t\t\t<div class=\"elementor-widget-wrap elementor-element-populated\">\n\t\t\t\t\t\t<div class=\"elementor-element elementor-element-f45ea9d elementor-widget elementor-widget-button\" data-id=\"f45ea9d\" data-element_type=\"widget\" data-e-type=\"widget\" data-widget_type=\"button.default\">\n\t\t\t\t<div class=\"elementor-widget-container\">\n\t\t\t\t\t\t\t\t\t<div class=\"elementor-button-wrapper\">\n\t\t\t\t\t<a class=\"elementor-button elementor-button-link elementor-size-sm\" href=\"https:\/\/www.youtube.com\/channel\/UCGVsETSHpTEGKml3omnlscA\">\n\t\t\t\t\t\t<span class=\"elementor-button-content-wrapper\">\n\t\t\t\t\t\t<span class=\"elementor-button-icon\">\n\t\t\t\t<i aria-hidden=\"true\" class=\"fab fa-youtube\"><\/i>\t\t\t<\/span>\n\t\t\t\t\t\t\t\t\t<span class=\"elementor-button-text\">S\u00edganos en Youtube<\/span>\n\t\t\t\t\t<\/span>\n\t\t\t\t\t<\/a>\n\t\t\t\t<\/div>\n\t\t\t\t\t\t\t\t<\/div>\n\t\t\t\t<\/div>\n\t\t\t\t\t<\/div>\n\t\t<\/div>\n\t\t\t\t\t<\/div>\n\t\t<\/section>\n\t\t\t\t<\/div>\n\t\t","protected":false},"excerpt":{"rendered":"<p>Foto: El Tiempo Egan Bernal, campe\u00f3n del Tour de Francia en 2019 y del Giro de Italia en<\/p>\n","protected":false},"author":1,"featured_media":24745,"comment_status":"open","ping_status":"open","sticky":false,"template":"","format":"image","meta":{"om_disable_all_campaigns":false,"_monsterinsights_skip_tracking":false,"_monsterinsights_sitenote_active":false,"_monsterinsights_sitenote_note":"","_monsterinsights_sitenote_category":0,"footnotes":""},"categories":[7],"tags":[10],"class_list":["post-24735","post","type-post","status-publish","format-image","has-post-thumbnail","hentry","category-deportes","tag-noticias","post_format-post-format-image"],"aioseo_notices":[],"_links":{"self":[{"href":"https:\/\/www.boyacaleinforma.com\/index.php?rest_route=\/wp\/v2\/posts\/24735","targetHints":{"allow":["GET"]}}],"collection":[{"href":"https:\/\/www.boyacaleinforma.com\/index.php?rest_route=\/wp\/v2\/posts"}],"about":[{"href":"https:\/\/www.boyacaleinforma.com\/index.php?rest_route=\/wp\/v2\/types\/post"}],"author":[{"embeddable":true,"href":"https:\/\/www.boyacaleinforma.com\/index.php?rest_route=\/wp\/v2\/users\/1"}],"replies":[{"embeddable":true,"href":"https:\/\/www.boyacaleinforma.com\/index.php?rest_route=%2Fwp%2Fv2%2Fcomments&post=24735"}],"version-history":[{"count":0,"href":"https:\/\/www.boyacaleinforma.com\/index.php?rest_route=\/wp\/v2\/posts\/24735\/revisions"}],"wp:featuredmedia":[{"embeddable":true,"href":"https:\/\/www.boyacaleinforma.com\/index.php?rest_route=\/wp\/v2\/media\/24745"}],"wp:attachment":[{"href":"https:\/\/www.boyacaleinforma.com\/index.php?rest_route=%2Fwp%2Fv2%2Fmedia&parent=24735"}],"wp:term":[{"taxonomy":"category","embeddable":true,"href":"https:\/\/www.boyacaleinforma.com\/index.php?rest_route=%2Fwp%2Fv2%2Fcategories&post=24735"},{"taxonomy":"post_tag","embeddable":true,"href":"https:\/\/www.boyacaleinforma.com\/index.php?rest_route=%2Fwp%2Fv2%2Ftags&post=24735"}],"curies":[{"name":"wp","href":"https:\/\/api.w.org\/{rel}","templated":true}]}}