{"id":27808,"date":"2024-12-26T08:58:29","date_gmt":"2024-12-26T13:58:29","guid":{"rendered":"https:\/\/www.boyacaleinforma.com\/?p=27808"},"modified":"2024-12-26T09:37:38","modified_gmt":"2024-12-26T14:37:38","slug":"exalcalde-de-tunja-y-funcionaria-del-sisben-imputados-por-irregularidades-en-encuestas-del-sisben-copy-copy-copy-copy-copy-copy-copy","status":"publish","type":"post","link":"https:\/\/www.boyacaleinforma.com\/?p=27808","title":{"rendered":"Aumento del salario m\u00ednimo para 2025: un 9,5% de incremento que beneficia a m\u00e1s de 2 millones de trabajadores"},"content":{"rendered":"\t\t<div data-elementor-type=\"wp-post\" data-elementor-id=\"27808\" class=\"elementor elementor-27808\" data-elementor-post-type=\"post\">\n\t\t\t\t\t\t<section class=\"elementor-section elementor-top-section elementor-element elementor-element-62b311ee elementor-section-boxed elementor-section-height-default elementor-section-height-default\" data-id=\"62b311ee\" data-element_type=\"section\" data-e-type=\"section\">\n\t\t\t\t\t\t<div class=\"elementor-container elementor-column-gap-default\">\n\t\t\t\t\t<div class=\"elementor-column elementor-col-100 elementor-top-column elementor-element elementor-element-22e424c5\" data-id=\"22e424c5\" data-element_type=\"column\" data-e-type=\"column\">\n\t\t\t<div class=\"elementor-widget-wrap elementor-element-populated\">\n\t\t\t\t\t\t<div class=\"elementor-element elementor-element-7799c32 elementor-widget elementor-widget-image\" data-id=\"7799c32\" data-element_type=\"widget\" data-e-type=\"widget\" data-widget_type=\"image.default\">\n\t\t\t\t<div class=\"elementor-widget-container\">\n\t\t\t\t\t\t\t\t\t\t\t\t<figure class=\"wp-caption\">\n\t\t\t\t\t\t\t\t\t\t<img loading=\"lazy\" width=\"640\" height=\"285\" src=\"https:\/\/www.boyacaleinforma.com\/wp-content\/uploads\/2024\/12\/dos-tiempo-768x342.jpeg\" class=\"attachment-medium_large size-medium_large wp-image-27810\" alt=\"dos tiempo\" srcset=\"https:\/\/www.boyacaleinforma.com\/wp-content\/uploads\/2024\/12\/dos-tiempo-768x342.jpeg 768w, https:\/\/www.boyacaleinforma.com\/wp-content\/uploads\/2024\/12\/dos-tiempo-300x134.jpeg 300w, https:\/\/www.boyacaleinforma.com\/wp-content\/uploads\/2024\/12\/dos-tiempo-1024x457.jpeg 1024w, https:\/\/www.boyacaleinforma.com\/wp-content\/uploads\/2024\/12\/dos-tiempo.jpeg 1200w\" sizes=\"auto, (max-width: 640px) 100vw, 640px\" loading=\"lazy\" decoding=\"async\" \/>\t\t\t\t\t\t\t\t\t\t\t<figcaption class=\"widget-image-caption wp-caption-text\">Foto: El Tiempo<\/figcaption>\n\t\t\t\t\t\t\t\t\t\t<\/figure>\n\t\t\t\t\t\t\t\t\t<\/div>\n\t\t\t\t<\/div>\n\t\t\t\t<div class=\"elementor-element elementor-element-16316330 elementor-widget elementor-widget-text-editor\" data-id=\"16316330\" data-element_type=\"widget\" data-e-type=\"widget\" data-widget_type=\"text-editor.default\">\n\t\t\t\t<div class=\"elementor-widget-container\">\n\t\t\t\t\t\t\t\t\t<p class=\"western\" align=\"justify\"><span style=\"color: #000000;\"><span style=\"font-family: Arial, serif;\"><span style=\"font-size: medium;\">El presidente Gustavo Petro anunci\u00f3 un aumento del 9,5% en el salario m\u00ednimo que comenzar\u00e1 a regir el 1 de enero de 2025, elevando la cifra a $1.423.500. Este incremento implica un aumento de $123.500 respecto al salario m\u00ednimo actual. A esto se suma un ajuste en el subsidio de transporte, que aument\u00f3 en $38.000, pasando de $162.000 a $200.000. De esta manera, el nuevo salario m\u00ednimo nominal, con el subsidio incluido, ser\u00e1 de $1.623.500.<br \/><br \/>El anuncio fue realizado por el presidente Petro desde el Polideportivo del barrio Bol\u00edvar 83, en Zipaquir\u00e1, en medio de la Novena de Navidad, una tradicional celebraci\u00f3n de la temporada. El aumento se decide despu\u00e9s de que no se llegara a un acuerdo entre las centrales obreras y los gremios de la producci\u00f3n durante la negociaci\u00f3n tripartita sobre el incremento salarial.<br \/><br \/><\/span><\/span><\/span><span style=\"color: #000000;\"><span style=\"font-family: Arial, serif;\"><span style=\"font-size: medium;\"><b>Contexto de los aumentos anteriores<\/b><\/span><\/span><\/span><span style=\"color: #000000;\"><span style=\"font-family: Arial, serif;\"><span style=\"font-size: medium;\"><br \/><br \/>Este aumento llega tras un 2024 en el que, debido a la falta de consenso, el salario m\u00ednimo fue fijado en $1.300.000, con un subsidio de transporte de $162.000, resultando en un total de $1.462.000. En los \u00faltimos a\u00f1os, el incremento del salario m\u00ednimo ha mostrado variaciones importantes: en 2023, el aumento fue del 16%, el m\u00e1s alto en la historia reciente, y en 2022 fue del 10%.<br \/><br \/>Seg\u00fan el presidente Petro, el nuevo ajuste beneficiar\u00e1 a m\u00e1s de 2,2 millones de trabajadores, es decir, a cerca del 10% de los ocupados en el pa\u00eds.<br \/><br \/><\/span><\/span><\/span><span style=\"color: #000000;\"><span style=\"font-family: Arial, serif;\"><span style=\"font-size: medium;\"><b>Razones del aumento y sus implicaciones<br \/><\/b><\/span><\/span><\/span><span style=\"color: #000000;\"><span style=\"font-family: Arial, serif;\"><span style=\"font-size: medium;\"><br \/>El mandatario explic\u00f3 que el incremento del 9,5% en el salario m\u00ednimo para 2025 es parte de un esfuerzo por mejorar las condiciones econ\u00f3micas de los trabajadores colombianos, considerando tambi\u00e9n las proyecciones de inflaci\u00f3n. A continuaci\u00f3n, el presidente detall\u00f3 las principales razones detr\u00e1s de la decisi\u00f3n:<br \/><br \/><\/span><\/span><\/span><span style=\"color: #000000;\"><span style=\"font-family: Arial, serif;\"><span style=\"font-size: medium;\"><b>Inflaci\u00f3n controlada:<\/b><\/span><\/span><\/span><span style=\"color: #000000;\"><span style=\"font-family: Arial, serif;\"><span style=\"font-size: medium;\"> Se espera que la inflaci\u00f3n de 2024 cierre en torno al 5%, mientras que la inflaci\u00f3n de alimentos para fin de a\u00f1o se estimaba en un 2,7%, la ca\u00edda m\u00e1s pronunciada dentro de la OCDE.<br \/><br \/><\/span><\/span><\/span><span style=\"color: #000000;\"><span style=\"font-family: Arial, serif;\"><span style=\"font-size: medium;\"><b>Expectativas para 2025:<\/b><\/span><\/span><\/span><span style=\"color: #000000;\"><span style=\"font-family: Arial, serif;\"><span style=\"font-size: medium;\"> La inflaci\u00f3n para el pr\u00f3ximo a\u00f1o se prev\u00e9 en 3%, lo que permitir\u00e1 un crecimiento real del salario m\u00ednimo del 6,5%, un aumento significativo en el poder adquisitivo de los trabajadores.<br \/><br \/><\/span><\/span><\/span><span style=\"color: #000000;\"><span style=\"font-family: Arial, serif;\"><span style=\"font-size: medium;\"><b>Mejor\u00eda en la calidad de vida:<\/b><\/span><\/span><\/span><span style=\"color: #000000;\"><span style=\"font-family: Arial, serif;\"><span style=\"font-size: medium;\"> Petro destac\u00f3 que, con este ajuste, el salario m\u00ednimo real crece m\u00e1s de lo que lo hace la inflaci\u00f3n, lo que representa una mejora en el nivel de vida de los trabajadores que dependen de esta remuneraci\u00f3n.<br \/><br \/>El presidente tambi\u00e9n subray\u00f3 los logros de su gobierno, afirmando que las pol\u00edticas implementadas han permitido reducir significativamente la inflaci\u00f3n de alimentos, lo que ha beneficiado a los hogares colombianos. Asegur\u00f3 que el aumento real del salario m\u00ednimo en los \u00faltimos tres a\u00f1os ha sido entre 30% y 35%.<br \/><br \/><\/span><\/span><\/span><span style=\"color: #000000;\"><span style=\"font-family: Arial, serif;\"><span style=\"font-size: medium;\"><b>Crecimiento econ\u00f3mico y bienestar social<br \/><\/b><\/span><\/span><\/span><span style=\"color: #000000;\"><span style=\"font-family: Arial, serif;\"><span style=\"font-size: medium;\"><br \/>A pesar de las cr\u00edticas de algunos gremios de la producci\u00f3n, Petro defendi\u00f3 su postura asegurando que un salario m\u00ednimo m\u00e1s alto contribuye al crecimiento econ\u00f3mico. \u00abNo es con trabajadores esclavos como crece la econom\u00eda, es con trabajadoras y trabajadores que ganen, que tengan dignidad en su vida\u00bb, afirm\u00f3. De acuerdo con el mandatario, el aumento del salario m\u00ednimo ha sido clave en la reducci\u00f3n de la pobreza, destacando que 1,6 millones de colombianos salieron de la pobreza monetaria en 2023 y que el salario m\u00ednimo ha sido un factor importante en la mejora de la seguridad alimentaria en el pa\u00eds.<br \/><br \/>Petro tambi\u00e9n destac\u00f3 que, si la Corte Constitucional aprueba la reforma pensional en julio de 2025, alrededor de tres millones de personas mayores de 70 a\u00f1os podr\u00edan acceder a una pensi\u00f3n.<br \/><br \/><\/span><\/span><\/span><span style=\"color: #000000;\"><span style=\"font-family: Arial, serif;\"><span style=\"font-size: medium;\"><b>Evoluci\u00f3n del salario m\u00ednimo en Colombia (2014-2025)<br \/><\/b><\/span><\/span><\/span><span style=\"color: #000000;\"><span style=\"font-family: Arial, serif;\"><span style=\"font-size: medium;\"><br \/>A continuaci\u00f3n, se presenta un resumen de la evoluci\u00f3n del salario m\u00ednimo en Colombia en los \u00faltimos a\u00f1os:<br \/><br \/>A\u00f1o Salario M\u00ednimo Incremento Acuerdo<br \/>2024 $1&#8217;300.000 12,07% Decreto<br \/>2023 $1&#8217;160.000 16% Consenso<br \/>2022 $1&#8217;000.000 10,07% Consenso<br \/>2021 $908.526 3,5% Decreto<br \/>2020 $877.803 6% Decreto<br \/>2019 $828.116 6% Consenso<br \/>2018 $781.242 5,9% Decreto<br \/>2017 $737.717 7% Decreto<br \/>2016 $689.455 7% Decreto<br \/>2015 $644.350 4,6% Decreto<br \/>2014 $616.000 4,5% Decreto<br \/><br \/>El aumento del salario m\u00ednimo para 2025 es un paso m\u00e1s en la estrategia del gobierno de mejorar las condiciones de vida de los trabajadores colombianos. Con un crecimiento econ\u00f3mico moderado y pol\u00edticas orientadas a la justicia social, el presidente Petro refuerza su compromiso con los sectores m\u00e1s vulnerables del pa\u00eds. Sin embargo, las reacciones del sector empresarial y las futuras negociaciones laborales seguir\u00e1n siendo un tema central en la agenda econ\u00f3mica de Colombia.<\/span><\/span><\/span><\/p>\t\t\t\t\t\t\t\t<\/div>\n\t\t\t\t<\/div>\n\t\t\t\t\t<\/div>\n\t\t<\/div>\n\t\t\t\t\t<\/div>\n\t\t<\/section>\n\t\t\t\t<section class=\"elementor-section elementor-top-section elementor-element elementor-element-ac20cbd elementor-section-boxed elementor-section-height-default elementor-section-height-default\" data-id=\"ac20cbd\" data-element_type=\"section\" data-e-type=\"section\">\n\t\t\t\t\t\t<div class=\"elementor-container elementor-column-gap-default\">\n\t\t\t\t\t<div class=\"elementor-column elementor-col-100 elementor-top-column elementor-element elementor-element-10da45b\" data-id=\"10da45b\" data-element_type=\"column\" data-e-type=\"column\">\n\t\t\t<div class=\"elementor-widget-wrap elementor-element-populated\">\n\t\t\t\t\t\t<div class=\"elementor-element elementor-element-4c8136e elementor-widget__width-initial elementor-widget elementor-widget-button\" data-id=\"4c8136e\" data-element_type=\"widget\" data-e-type=\"widget\" data-widget_type=\"button.default\">\n\t\t\t\t<div class=\"elementor-widget-container\">\n\t\t\t\t\t\t\t\t\t<div class=\"elementor-button-wrapper\">\n\t\t\t\t\t<a class=\"elementor-button elementor-button-link elementor-size-sm\" href=\"https:\/\/whatsapp.com\/channel\/0029VaAjfv330LKT2pE2UU0q\">\n\t\t\t\t\t\t<span class=\"elementor-button-content-wrapper\">\n\t\t\t\t\t\t<span class=\"elementor-button-icon\">\n\t\t\t\t<i aria-hidden=\"true\" class=\"fab fa-whatsapp\"><\/i>\t\t\t<\/span>\n\t\t\t\t\t\t\t\t\t<span class=\"elementor-button-text\">S\u00edganos en nuestro canal de Whatsapp<\/span>\n\t\t\t\t\t<\/span>\n\t\t\t\t\t<\/a>\n\t\t\t\t<\/div>\n\t\t\t\t\t\t\t\t<\/div>\n\t\t\t\t<\/div>\n\t\t\t\t<div class=\"elementor-element elementor-element-8d33fa0 elementor-widget__width-initial elementor-widget elementor-widget-button\" data-id=\"8d33fa0\" data-element_type=\"widget\" data-e-type=\"widget\" data-widget_type=\"button.default\">\n\t\t\t\t<div class=\"elementor-widget-container\">\n\t\t\t\t\t\t\t\t\t<div class=\"elementor-button-wrapper\">\n\t\t\t\t\t<a class=\"elementor-button elementor-button-link elementor-size-sm\" href=\"https:\/\/x.com\/BoyacaLEinforma\">\n\t\t\t\t\t\t<span class=\"elementor-button-content-wrapper\">\n\t\t\t\t\t\t<span class=\"elementor-button-icon\">\n\t\t\t\t<i aria-hidden=\"true\" class=\"fab fa-x-twitter-square\"><\/i>\t\t\t<\/span>\n\t\t\t\t\t\t\t\t\t<span class=\"elementor-button-text\">S\u00edganos en X<\/span>\n\t\t\t\t\t<\/span>\n\t\t\t\t\t<\/a>\n\t\t\t\t<\/div>\n\t\t\t\t\t\t\t\t<\/div>\n\t\t\t\t<\/div>\n\t\t\t\t\t<\/div>\n\t\t<\/div>\n\t\t\t\t\t<\/div>\n\t\t<\/section>\n\t\t\t\t<section class=\"elementor-section elementor-top-section elementor-element elementor-element-8082daa elementor-section-boxed elementor-section-height-default elementor-section-height-default\" data-id=\"8082daa\" data-element_type=\"section\" data-e-type=\"section\">\n\t\t\t\t\t\t<div class=\"elementor-container elementor-column-gap-default\">\n\t\t\t\t\t<div class=\"elementor-column elementor-col-100 elementor-top-column elementor-element elementor-element-08d9d5a\" data-id=\"08d9d5a\" data-element_type=\"column\" data-e-type=\"column\">\n\t\t\t<div class=\"elementor-widget-wrap elementor-element-populated\">\n\t\t\t\t\t\t<div class=\"elementor-element elementor-element-5a76dcb elementor-widget__width-initial elementor-widget elementor-widget-button\" data-id=\"5a76dcb\" data-element_type=\"widget\" data-e-type=\"widget\" data-widget_type=\"button.default\">\n\t\t\t\t<div class=\"elementor-widget-container\">\n\t\t\t\t\t\t\t\t\t<div class=\"elementor-button-wrapper\">\n\t\t\t\t\t<a class=\"elementor-button elementor-button-link elementor-size-sm\" href=\"https:\/\/www.facebook.com\/Boyacaleinforma\">\n\t\t\t\t\t\t<span class=\"elementor-button-content-wrapper\">\n\t\t\t\t\t\t<span class=\"elementor-button-icon\">\n\t\t\t\t<i aria-hidden=\"true\" class=\"fab fa-facebook\"><\/i>\t\t\t<\/span>\n\t\t\t\t\t\t\t\t\t<span class=\"elementor-button-text\">S\u00edganos en facebook<\/span>\n\t\t\t\t\t<\/span>\n\t\t\t\t\t<\/a>\n\t\t\t\t<\/div>\n\t\t\t\t\t\t\t\t<\/div>\n\t\t\t\t<\/div>\n\t\t\t\t<div class=\"elementor-element elementor-element-090a23f elementor-widget__width-initial elementor-widget elementor-widget-button\" data-id=\"090a23f\" data-element_type=\"widget\" data-e-type=\"widget\" data-widget_type=\"button.default\">\n\t\t\t\t<div class=\"elementor-widget-container\">\n\t\t\t\t\t\t\t\t\t<div class=\"elementor-button-wrapper\">\n\t\t\t\t\t<a class=\"elementor-button elementor-button-link elementor-size-sm\" href=\"https:\/\/www.instagram.com\/boyacaleinforma\/\">\n\t\t\t\t\t\t<span class=\"elementor-button-content-wrapper\">\n\t\t\t\t\t\t<span class=\"elementor-button-icon\">\n\t\t\t\t<i aria-hidden=\"true\" class=\"fab fa-instagram\"><\/i>\t\t\t<\/span>\n\t\t\t\t\t\t\t\t\t<span class=\"elementor-button-text\">S\u00edganos en Instagram<\/span>\n\t\t\t\t\t<\/span>\n\t\t\t\t\t<\/a>\n\t\t\t\t<\/div>\n\t\t\t\t\t\t\t\t<\/div>\n\t\t\t\t<\/div>\n\t\t\t\t\t<\/div>\n\t\t<\/div>\n\t\t\t\t\t<\/div>\n\t\t<\/section>\n\t\t\t\t<section class=\"elementor-section elementor-top-section elementor-element elementor-element-0856796 elementor-section-boxed elementor-section-height-default elementor-section-height-default\" data-id=\"0856796\" data-element_type=\"section\" data-e-type=\"section\">\n\t\t\t\t\t\t<div class=\"elementor-container elementor-column-gap-default\">\n\t\t\t\t\t<div class=\"elementor-column elementor-col-100 elementor-top-column elementor-element elementor-element-6979e4d\" data-id=\"6979e4d\" data-element_type=\"column\" data-e-type=\"column\">\n\t\t\t<div class=\"elementor-widget-wrap elementor-element-populated\">\n\t\t\t\t\t\t<div class=\"elementor-element elementor-element-f45ea9d elementor-widget elementor-widget-button\" data-id=\"f45ea9d\" data-element_type=\"widget\" data-e-type=\"widget\" data-widget_type=\"button.default\">\n\t\t\t\t<div class=\"elementor-widget-container\">\n\t\t\t\t\t\t\t\t\t<div class=\"elementor-button-wrapper\">\n\t\t\t\t\t<a class=\"elementor-button elementor-button-link elementor-size-sm\" href=\"https:\/\/www.youtube.com\/channel\/UCGVsETSHpTEGKml3omnlscA\">\n\t\t\t\t\t\t<span class=\"elementor-button-content-wrapper\">\n\t\t\t\t\t\t<span class=\"elementor-button-icon\">\n\t\t\t\t<i aria-hidden=\"true\" class=\"fab fa-youtube\"><\/i>\t\t\t<\/span>\n\t\t\t\t\t\t\t\t\t<span class=\"elementor-button-text\">S\u00edganos en Youtube<\/span>\n\t\t\t\t\t<\/span>\n\t\t\t\t\t<\/a>\n\t\t\t\t<\/div>\n\t\t\t\t\t\t\t\t<\/div>\n\t\t\t\t<\/div>\n\t\t\t\t\t<\/div>\n\t\t<\/div>\n\t\t\t\t\t<\/div>\n\t\t<\/section>\n\t\t\t\t<section class=\"elementor-section elementor-top-section elementor-element elementor-element-86fb9ca elementor-section-boxed elementor-section-height-default elementor-section-height-default\" data-id=\"86fb9ca\" data-element_type=\"section\" data-e-type=\"section\">\n\t\t\t\t\t\t<div class=\"elementor-container elementor-column-gap-default\">\n\t\t\t\t\t<div class=\"elementor-column elementor-col-100 elementor-top-column elementor-element elementor-element-6ca1229\" data-id=\"6ca1229\" data-element_type=\"column\" data-e-type=\"column\">\n\t\t\t<div class=\"elementor-widget-wrap elementor-element-populated\">\n\t\t\t\t\t\t<section class=\"elementor-section elementor-inner-section elementor-element elementor-element-61dd253 elementor-section-boxed elementor-section-height-default elementor-section-height-default\" data-id=\"61dd253\" data-element_type=\"section\" data-e-type=\"section\">\n\t\t\t\t\t\t<div class=\"elementor-container elementor-column-gap-default\">\n\t\t\t\t\t<div class=\"elementor-column elementor-col-50 elementor-inner-column elementor-element elementor-element-3442838\" data-id=\"3442838\" data-element_type=\"column\" data-e-type=\"column\">\n\t\t\t<div class=\"elementor-widget-wrap\">\n\t\t\t\t\t\t\t<\/div>\n\t\t<\/div>\n\t\t\t\t<div class=\"elementor-column elementor-col-50 elementor-inner-column elementor-element elementor-element-6b50b94\" data-id=\"6b50b94\" data-element_type=\"column\" data-e-type=\"column\">\n\t\t\t<div class=\"elementor-widget-wrap\">\n\t\t\t\t\t\t\t<\/div>\n\t\t<\/div>\n\t\t\t\t\t<\/div>\n\t\t<\/section>\n\t\t\t\t\t<\/div>\n\t\t<\/div>\n\t\t\t\t\t<\/div>\n\t\t<\/section>\n\t\t\t\t<\/div>\n\t\t","protected":false},"excerpt":{"rendered":"<p>Foto: El Tiempo El presidente Gustavo Petro anunci\u00f3 un aumento del 9,5% en el salario m\u00ednimo que comenzar\u00e1<\/p>\n","protected":false},"author":1,"featured_media":27810,"comment_status":"open","ping_status":"open","sticky":false,"template":"","format":"image","meta":{"om_disable_all_campaigns":false,"_monsterinsights_skip_tracking":false,"_monsterinsights_sitenote_active":false,"_monsterinsights_sitenote_note":"","_monsterinsights_sitenote_category":0,"footnotes":""},"categories":[9],"tags":[10],"class_list":["post-27808","post","type-post","status-publish","format-image","has-post-thumbnail","hentry","category-colombia","tag-noticias","post_format-post-format-image"],"aioseo_notices":[],"_links":{"self":[{"href":"https:\/\/www.boyacaleinforma.com\/index.php?rest_route=\/wp\/v2\/posts\/27808","targetHints":{"allow":["GET"]}}],"collection":[{"href":"https:\/\/www.boyacaleinforma.com\/index.php?rest_route=\/wp\/v2\/posts"}],"about":[{"href":"https:\/\/www.boyacaleinforma.com\/index.php?rest_route=\/wp\/v2\/types\/post"}],"author":[{"embeddable":true,"href":"https:\/\/www.boyacaleinforma.com\/index.php?rest_route=\/wp\/v2\/users\/1"}],"replies":[{"embeddable":true,"href":"https:\/\/www.boyacaleinforma.com\/index.php?rest_route=%2Fwp%2Fv2%2Fcomments&post=27808"}],"version-history":[{"count":0,"href":"https:\/\/www.boyacaleinforma.com\/index.php?rest_route=\/wp\/v2\/posts\/27808\/revisions"}],"wp:featuredmedia":[{"embeddable":true,"href":"https:\/\/www.boyacaleinforma.com\/index.php?rest_route=\/wp\/v2\/media\/27810"}],"wp:attachment":[{"href":"https:\/\/www.boyacaleinforma.com\/index.php?rest_route=%2Fwp%2Fv2%2Fmedia&parent=27808"}],"wp:term":[{"taxonomy":"category","embeddable":true,"href":"https:\/\/www.boyacaleinforma.com\/index.php?rest_route=%2Fwp%2Fv2%2Fcategories&post=27808"},{"taxonomy":"post_tag","embeddable":true,"href":"https:\/\/www.boyacaleinforma.com\/index.php?rest_route=%2Fwp%2Fv2%2Ftags&post=27808"}],"curies":[{"name":"wp","href":"https:\/\/api.w.org\/{rel}","templated":true}]}}