{"id":38553,"date":"2025-12-01T03:29:58","date_gmt":"2025-12-01T08:29:58","guid":{"rendered":"https:\/\/www.boyacaleinforma.com\/?p=38553"},"modified":"2025-12-01T03:30:08","modified_gmt":"2025-12-01T08:30:08","slug":"jornada-de-prevencion-del-consumo-de-sustancias-psicoactivas-en-boavita","status":"publish","type":"post","link":"https:\/\/www.boyacaleinforma.com\/?p=38553","title":{"rendered":"Jornada de prevenci\u00f3n del consumo de sustancias psicoactivas en Boavita"},"content":{"rendered":"\n<p>Desde la Administraci\u00f3n Municipal, en articulaci\u00f3n con la Inspecci\u00f3n de Polic\u00eda, Comisar\u00eda de Familia, Polic\u00eda Nacional, Polic\u00eda de Infancia y Adolescencia y el equipo de Salud P\u00fablica, desarrollaron una gran Jornada de Prevenci\u00f3n del Consumo de Sustancias Psicoactivas.<\/p>\n\n\n\n<p>Ni\u00f1os, ni\u00f1as, adolescentes y comunidad en general participaron activamente en espacios de di\u00e1logo y reflexi\u00f3n, donde juntos analizamos:<\/p>\n\n\n\n<p>\u00bfQu\u00e9 tipos de drogas existen?<\/p>\n\n\n\n<p>\u00bfCu\u00e1les son legales y cu\u00e1les no?<\/p>\n\n\n\n<p>\u00bfQu\u00e9 consecuencias f\u00edsicas, mentales y sociales tiene el consumo?<\/p>\n\n\n\n<p>\u00bfQu\u00e9 enfermedades puede causar?<\/p>\n","protected":false},"excerpt":{"rendered":"<p>Desde la Administraci\u00f3n Municipal, en articulaci\u00f3n con la Inspecci\u00f3n de Polic\u00eda, Comisar\u00eda de Familia, Polic\u00eda Nacional, Polic\u00eda de<\/p>\n","protected":false},"author":1,"featured_media":38445,"comment_status":"open","ping_status":"open","sticky":false,"template":"","format":"standard","meta":{"om_disable_all_campaigns":false,"_monsterinsights_skip_tracking":false,"_monsterinsights_sitenote_active":false,"_monsterinsights_sitenote_note":"","_monsterinsights_sitenote_category":0,"footnotes":""},"categories":[1],"tags":[],"class_list":["post-38553","post","type-post","status-publish","format-standard","has-post-thumbnail","hentry","category-uncategorized"],"aioseo_notices":[],"_links":{"self":[{"href":"https:\/\/www.boyacaleinforma.com\/index.php?rest_route=\/wp\/v2\/posts\/38553","targetHints":{"allow":["GET"]}}],"collection":[{"href":"https:\/\/www.boyacaleinforma.com\/index.php?rest_route=\/wp\/v2\/posts"}],"about":[{"href":"https:\/\/www.boyacaleinforma.com\/index.php?rest_route=\/wp\/v2\/types\/post"}],"author":[{"embeddable":true,"href":"https:\/\/www.boyacaleinforma.com\/index.php?rest_route=\/wp\/v2\/users\/1"}],"replies":[{"embeddable":true,"href":"https:\/\/www.boyacaleinforma.com\/index.php?rest_route=%2Fwp%2Fv2%2Fcomments&post=38553"}],"version-history":[{"count":0,"href":"https:\/\/www.boyacaleinforma.com\/index.php?rest_route=\/wp\/v2\/posts\/38553\/revisions"}],"wp:featuredmedia":[{"embeddable":true,"href":"https:\/\/www.boyacaleinforma.com\/index.php?rest_route=\/wp\/v2\/media\/38445"}],"wp:attachment":[{"href":"https:\/\/www.boyacaleinforma.com\/index.php?rest_route=%2Fwp%2Fv2%2Fmedia&parent=38553"}],"wp:term":[{"taxonomy":"category","embeddable":true,"href":"https:\/\/www.boyacaleinforma.com\/index.php?rest_route=%2Fwp%2Fv2%2Fcategories&post=38553"},{"taxonomy":"post_tag","embeddable":true,"href":"https:\/\/www.boyacaleinforma.com\/index.php?rest_route=%2Fwp%2Fv2%2Ftags&post=38553"}],"curies":[{"name":"wp","href":"https:\/\/api.w.org\/{rel}","templated":true}]}}