{"id":38559,"date":"2025-12-01T03:35:33","date_gmt":"2025-12-01T08:35:33","guid":{"rendered":"https:\/\/www.boyacaleinforma.com\/?p=38559"},"modified":"2025-12-01T03:36:39","modified_gmt":"2025-12-01T08:36:39","slug":"procuraduria-suspende-a-general-del-ejercito-y-alto-funcionario-de-inteligencia-por-presuntos-vinculos-con-disidencias-de-las-farc","status":"publish","type":"post","link":"https:\/\/www.boyacaleinforma.com\/?p=38559","title":{"rendered":"Procuradur\u00eda suspende a general del Ej\u00e9rcito y alto funcionario de inteligencia por presuntos v\u00ednculos con disidencias de las Farc"},"content":{"rendered":"\n<p>La Procuradur\u00eda General de la Naci\u00f3n orden\u00f3 la suspensi\u00f3n provisional por tres meses del brigadier general del Ej\u00e9rcito Juan Miguel Huertas Herrera y del director estrat\u00e9gico de inteligencia de la DNI, Wilmar Mej\u00eda, ante denuncias sobre presuntos v\u00ednculos con miembros de las disidencias de las Farc.<br><br>La medida, anunciada este 27 de noviembre en Bogot\u00e1, busca impedir que los funcionarios contin\u00faen ejerciendo sus cargos mientras avanza la investigaci\u00f3n disciplinaria, con el fin de evitar posibles reiteraciones de los hechos se\u00f1alados o afectaciones al proceso.<br><br>Seg\u00fan la Sala Disciplinaria de Instrucci\u00f3n, la investigaci\u00f3n se centra en el presunto suministro de informaci\u00f3n a grupos armados ilegales, incluida la posible entrega de c\u00f3digos de frecuencia radiales de la Fuerza P\u00fablica, as\u00ed como un eventual apoyo en la creaci\u00f3n de empresas de seguridad para legalizar armas ante un posible cierre de di\u00e1logos entre el Gobierno y esos grupos.<br><br>La Procuradur\u00eda adelantar\u00e1 la pr\u00e1ctica de pruebas para establecer si existieron conductas disciplinarias y determinar la responsabilidad de los investigados.<\/p>\n","protected":false},"excerpt":{"rendered":"<p>La Procuradur\u00eda General de la Naci\u00f3n orden\u00f3 la suspensi\u00f3n provisional por tres meses del brigadier general del Ej\u00e9rcito<\/p>\n","protected":false},"author":1,"featured_media":38383,"comment_status":"open","ping_status":"open","sticky":false,"template":"","format":"standard","meta":{"om_disable_all_campaigns":false,"_monsterinsights_skip_tracking":false,"_monsterinsights_sitenote_active":false,"_monsterinsights_sitenote_note":"","_monsterinsights_sitenote_category":0,"footnotes":""},"categories":[8],"tags":[10],"class_list":["post-38559","post","type-post","status-publish","format-standard","has-post-thumbnail","hentry","category-judicial","tag-noticias"],"aioseo_notices":[],"_links":{"self":[{"href":"https:\/\/www.boyacaleinforma.com\/index.php?rest_route=\/wp\/v2\/posts\/38559","targetHints":{"allow":["GET"]}}],"collection":[{"href":"https:\/\/www.boyacaleinforma.com\/index.php?rest_route=\/wp\/v2\/posts"}],"about":[{"href":"https:\/\/www.boyacaleinforma.com\/index.php?rest_route=\/wp\/v2\/types\/post"}],"author":[{"embeddable":true,"href":"https:\/\/www.boyacaleinforma.com\/index.php?rest_route=\/wp\/v2\/users\/1"}],"replies":[{"embeddable":true,"href":"https:\/\/www.boyacaleinforma.com\/index.php?rest_route=%2Fwp%2Fv2%2Fcomments&post=38559"}],"version-history":[{"count":0,"href":"https:\/\/www.boyacaleinforma.com\/index.php?rest_route=\/wp\/v2\/posts\/38559\/revisions"}],"wp:featuredmedia":[{"embeddable":true,"href":"https:\/\/www.boyacaleinforma.com\/index.php?rest_route=\/wp\/v2\/media\/38383"}],"wp:attachment":[{"href":"https:\/\/www.boyacaleinforma.com\/index.php?rest_route=%2Fwp%2Fv2%2Fmedia&parent=38559"}],"wp:term":[{"taxonomy":"category","embeddable":true,"href":"https:\/\/www.boyacaleinforma.com\/index.php?rest_route=%2Fwp%2Fv2%2Fcategories&post=38559"},{"taxonomy":"post_tag","embeddable":true,"href":"https:\/\/www.boyacaleinforma.com\/index.php?rest_route=%2Fwp%2Fv2%2Ftags&post=38559"}],"curies":[{"name":"wp","href":"https:\/\/api.w.org\/{rel}","templated":true}]}}