{"id":38610,"date":"2025-12-01T22:57:44","date_gmt":"2025-12-02T03:57:44","guid":{"rendered":"https:\/\/www.boyacaleinforma.com\/?p=38610"},"modified":"2025-12-01T22:58:33","modified_gmt":"2025-12-02T03:58:33","slug":"minambiente-avanza-en-acuerdos-clave-para-proteger-el-cocuy-y-apoyar-a-comunidades-campesinas","status":"publish","type":"post","link":"https:\/\/www.boyacaleinforma.com\/?p=38610","title":{"rendered":"Minambiente avanza en acuerdos clave para proteger El Cocuy y apoyar a comunidades campesinas"},"content":{"rendered":"\n<p>El Ministerio de Ambiente y Desarrollo Sostenible contin\u00faa avanzando en los compromisos con las comunidades campesinas para la protecci\u00f3n del p\u00e1ramo y la Reserva Forestal El Cocuy. En el marco de esta iniciativa, se realizar\u00e1n el 9 y 10 de diciembre encuentros t\u00e9cnicos y jur\u00eddicos en Bogot\u00e1, con el objetivo de definir la ruta de participaci\u00f3n para la construcci\u00f3n de lineamientos que garanticen la seguridad alimentaria y el bienestar comunitario.<br><br>Durante estos encuentros, se revisar\u00e1 el borrador de la Resoluci\u00f3n 1275 de 2014 y se analizar\u00e1 la posible revocatoria de la Resoluci\u00f3n 1405 de 2018, con el fin de encontrar soluciones concertadas entre las comunidades y las autoridades para la protecci\u00f3n ambiental y el reconocimiento de la dignidad campesina.<br><br>El ministro V\u00e9lez Torres destac\u00f3 que este proceso busca garantizar agua y vida para todos, construyendo soluciones colectivas para el bienestar de las comunidades y el futuro del ecosistema de El Cocuy.<\/p>\n","protected":false},"excerpt":{"rendered":"<p>El Ministerio de Ambiente y Desarrollo Sostenible contin\u00faa avanzando en los compromisos con las comunidades campesinas para la<\/p>\n","protected":false},"author":1,"featured_media":38601,"comment_status":"open","ping_status":"open","sticky":false,"template":"","format":"standard","meta":{"om_disable_all_campaigns":false,"_monsterinsights_skip_tracking":false,"_monsterinsights_sitenote_active":false,"_monsterinsights_sitenote_note":"","_monsterinsights_sitenote_category":0,"footnotes":""},"categories":[5],"tags":[10],"class_list":["post-38610","post","type-post","status-publish","format-standard","has-post-thumbnail","hentry","category-boyaca","tag-noticias"],"aioseo_notices":[],"_links":{"self":[{"href":"https:\/\/www.boyacaleinforma.com\/index.php?rest_route=\/wp\/v2\/posts\/38610","targetHints":{"allow":["GET"]}}],"collection":[{"href":"https:\/\/www.boyacaleinforma.com\/index.php?rest_route=\/wp\/v2\/posts"}],"about":[{"href":"https:\/\/www.boyacaleinforma.com\/index.php?rest_route=\/wp\/v2\/types\/post"}],"author":[{"embeddable":true,"href":"https:\/\/www.boyacaleinforma.com\/index.php?rest_route=\/wp\/v2\/users\/1"}],"replies":[{"embeddable":true,"href":"https:\/\/www.boyacaleinforma.com\/index.php?rest_route=%2Fwp%2Fv2%2Fcomments&post=38610"}],"version-history":[{"count":0,"href":"https:\/\/www.boyacaleinforma.com\/index.php?rest_route=\/wp\/v2\/posts\/38610\/revisions"}],"wp:featuredmedia":[{"embeddable":true,"href":"https:\/\/www.boyacaleinforma.com\/index.php?rest_route=\/wp\/v2\/media\/38601"}],"wp:attachment":[{"href":"https:\/\/www.boyacaleinforma.com\/index.php?rest_route=%2Fwp%2Fv2%2Fmedia&parent=38610"}],"wp:term":[{"taxonomy":"category","embeddable":true,"href":"https:\/\/www.boyacaleinforma.com\/index.php?rest_route=%2Fwp%2Fv2%2Fcategories&post=38610"},{"taxonomy":"post_tag","embeddable":true,"href":"https:\/\/www.boyacaleinforma.com\/index.php?rest_route=%2Fwp%2Fv2%2Ftags&post=38610"}],"curies":[{"name":"wp","href":"https:\/\/api.w.org\/{rel}","templated":true}]}}