{"id":38622,"date":"2025-12-01T23:02:51","date_gmt":"2025-12-02T04:02:51","guid":{"rendered":"https:\/\/www.boyacaleinforma.com\/?p=38622"},"modified":"2025-12-01T23:02:57","modified_gmt":"2025-12-02T04:02:57","slug":"vacaciones-recreativas-caminata-ecologica-con-los-ninos-de-boavita","status":"publish","type":"post","link":"https:\/\/www.boyacaleinforma.com\/?p=38622","title":{"rendered":"Vacaciones recreativas, caminata ecol\u00f3gica con los ni\u00f1os de Boavita"},"content":{"rendered":"\n<p>Las vacaciones recreativas se viven en Boavita<\/p>\n\n\n\n<p>Desde la Administraci\u00f3n municipal, en articulaci\u00f3n con la Comisar\u00eda de Familia, la Polic\u00eda Nacional y el Grupo de Protecci\u00f3n a la Infancia y Adolescencia, vivieron una tarde m\u00e1gica en compa\u00f1\u00eda de ni\u00f1os, ni\u00f1as y adolescentes: una caminata ecol\u00f3gica que fue mucho m\u00e1s que un recorrido por la naturaleza.<\/p>\n\n\n\n<p>En cada paso resonaron las risas, los juegos espont\u00e1neos y el asombro de descubrir la belleza del entorno. Fue un espacio para fortalecer valores como el respeto, el cuidado del medio ambiente y la convivencia, mientras respiraban aire puro y los reconectaban con lo esencial.<\/p>\n","protected":false},"excerpt":{"rendered":"<p>Las vacaciones recreativas se viven en Boavita Desde la Administraci\u00f3n municipal, en articulaci\u00f3n con la Comisar\u00eda de Familia,<\/p>\n","protected":false},"author":1,"featured_media":38613,"comment_status":"open","ping_status":"open","sticky":false,"template":"","format":"standard","meta":{"om_disable_all_campaigns":false,"_monsterinsights_skip_tracking":false,"_monsterinsights_sitenote_active":false,"_monsterinsights_sitenote_note":"","_monsterinsights_sitenote_category":0,"footnotes":""},"categories":[1],"tags":[],"class_list":["post-38622","post","type-post","status-publish","format-standard","has-post-thumbnail","hentry","category-uncategorized"],"aioseo_notices":[],"_links":{"self":[{"href":"https:\/\/www.boyacaleinforma.com\/index.php?rest_route=\/wp\/v2\/posts\/38622","targetHints":{"allow":["GET"]}}],"collection":[{"href":"https:\/\/www.boyacaleinforma.com\/index.php?rest_route=\/wp\/v2\/posts"}],"about":[{"href":"https:\/\/www.boyacaleinforma.com\/index.php?rest_route=\/wp\/v2\/types\/post"}],"author":[{"embeddable":true,"href":"https:\/\/www.boyacaleinforma.com\/index.php?rest_route=\/wp\/v2\/users\/1"}],"replies":[{"embeddable":true,"href":"https:\/\/www.boyacaleinforma.com\/index.php?rest_route=%2Fwp%2Fv2%2Fcomments&post=38622"}],"version-history":[{"count":0,"href":"https:\/\/www.boyacaleinforma.com\/index.php?rest_route=\/wp\/v2\/posts\/38622\/revisions"}],"wp:featuredmedia":[{"embeddable":true,"href":"https:\/\/www.boyacaleinforma.com\/index.php?rest_route=\/wp\/v2\/media\/38613"}],"wp:attachment":[{"href":"https:\/\/www.boyacaleinforma.com\/index.php?rest_route=%2Fwp%2Fv2%2Fmedia&parent=38622"}],"wp:term":[{"taxonomy":"category","embeddable":true,"href":"https:\/\/www.boyacaleinforma.com\/index.php?rest_route=%2Fwp%2Fv2%2Fcategories&post=38622"},{"taxonomy":"post_tag","embeddable":true,"href":"https:\/\/www.boyacaleinforma.com\/index.php?rest_route=%2Fwp%2Fv2%2Ftags&post=38622"}],"curies":[{"name":"wp","href":"https:\/\/api.w.org\/{rel}","templated":true}]}}