{"id":38703,"date":"2025-12-03T04:25:11","date_gmt":"2025-12-03T09:25:11","guid":{"rendered":"https:\/\/www.boyacaleinforma.com\/?p=38703"},"modified":"2025-12-03T04:25:20","modified_gmt":"2025-12-03T09:25:20","slug":"atencion-integral-a-la-primera-infancia-en-tota","status":"publish","type":"post","link":"https:\/\/www.boyacaleinforma.com\/?p=38703","title":{"rendered":"Atenci\u00f3n integral a la primera infancia en Tota"},"content":{"rendered":"\n<p>Con el firme prop\u00f3sito de seguir fortaleciendo la atenci\u00f3n integral a la primera infancia, se realiz\u00f3 con \u00e9xito la segunda entrega de los kits nutricionales, una iniciativa posible gracias a la gesti\u00f3n conjunta entre la Fundaci\u00f3n \u00c9xito la Ese centro de salud Tota y la Gobernaci\u00f3n de Boyac\u00e1.<\/p>\n\n\n\n<p>Este importante apoyo representa una contribuci\u00f3n directa al bienestar de madres gestantes, lactantes y ni\u00f1os menores de cinco a\u00f1os, quienes ahora cuentan con un respaldo nutricional clave para su desarrollo f\u00edsico y cognitivo.<\/p>\n","protected":false},"excerpt":{"rendered":"<p>Con el firme prop\u00f3sito de seguir fortaleciendo la atenci\u00f3n integral a la primera infancia, se realiz\u00f3 con \u00e9xito<\/p>\n","protected":false},"author":1,"featured_media":38704,"comment_status":"open","ping_status":"open","sticky":false,"template":"","format":"standard","meta":{"om_disable_all_campaigns":false,"_monsterinsights_skip_tracking":false,"_monsterinsights_sitenote_active":false,"_monsterinsights_sitenote_note":"","_monsterinsights_sitenote_category":0,"footnotes":""},"categories":[1],"tags":[],"class_list":["post-38703","post","type-post","status-publish","format-standard","has-post-thumbnail","hentry","category-uncategorized"],"aioseo_notices":[],"_links":{"self":[{"href":"https:\/\/www.boyacaleinforma.com\/index.php?rest_route=\/wp\/v2\/posts\/38703","targetHints":{"allow":["GET"]}}],"collection":[{"href":"https:\/\/www.boyacaleinforma.com\/index.php?rest_route=\/wp\/v2\/posts"}],"about":[{"href":"https:\/\/www.boyacaleinforma.com\/index.php?rest_route=\/wp\/v2\/types\/post"}],"author":[{"embeddable":true,"href":"https:\/\/www.boyacaleinforma.com\/index.php?rest_route=\/wp\/v2\/users\/1"}],"replies":[{"embeddable":true,"href":"https:\/\/www.boyacaleinforma.com\/index.php?rest_route=%2Fwp%2Fv2%2Fcomments&post=38703"}],"version-history":[{"count":0,"href":"https:\/\/www.boyacaleinforma.com\/index.php?rest_route=\/wp\/v2\/posts\/38703\/revisions"}],"wp:featuredmedia":[{"embeddable":true,"href":"https:\/\/www.boyacaleinforma.com\/index.php?rest_route=\/wp\/v2\/media\/38704"}],"wp:attachment":[{"href":"https:\/\/www.boyacaleinforma.com\/index.php?rest_route=%2Fwp%2Fv2%2Fmedia&parent=38703"}],"wp:term":[{"taxonomy":"category","embeddable":true,"href":"https:\/\/www.boyacaleinforma.com\/index.php?rest_route=%2Fwp%2Fv2%2Fcategories&post=38703"},{"taxonomy":"post_tag","embeddable":true,"href":"https:\/\/www.boyacaleinforma.com\/index.php?rest_route=%2Fwp%2Fv2%2Ftags&post=38703"}],"curies":[{"name":"wp","href":"https:\/\/api.w.org\/{rel}","templated":true}]}}