{"id":38727,"date":"2025-12-03T04:39:37","date_gmt":"2025-12-03T09:39:37","guid":{"rendered":"https:\/\/www.boyacaleinforma.com\/?p=38727"},"modified":"2025-12-03T04:40:27","modified_gmt":"2025-12-03T09:40:27","slug":"caf-apoyara-por-primera-vez-megaproyectos-estrategicos-en-boyaca","status":"publish","type":"post","link":"https:\/\/www.boyacaleinforma.com\/?p=38727","title":{"rendered":"CAF apoyar\u00e1 por primera vez megaproyectos estrat\u00e9gicos en Boyac\u00e1"},"content":{"rendered":"\n<p>Boyac\u00e1 dar\u00e1 un salto hist\u00f3rico en materia de desarrollo. Por primera vez, el departamento contar\u00e1 con el respaldo de la banca multilateral, gracias al apoyo confirmado por el Banco de Desarrollo de Am\u00e9rica Latina y el Caribe (CAF).<br><br>El anuncio se dio tras una jornada de trabajo entre el gobernador Carlos Amaya y el presidente del CAF, Sergio D\u00edaz-Granados, encuentro en el que se concret\u00f3 el acompa\u00f1amiento financiero para tres megaproyectos clave del programa Boyac\u00e1 Grande.<br><br>Adem\u00e1s del impulso a estas iniciativas, el Gobierno departamental gestionar\u00e1 con el CAF la financiaci\u00f3n de evaluaciones de impacto que permitan medir de manera rigurosa los resultados de los programas implementados.<br><br>El primer proyecto en ser evaluado ser\u00e1 el Sistema Departamental de Cuidado, una propuesta innovadora que busca fortalecer la atenci\u00f3n, formaci\u00f3n y bienestar de quienes cumplen labores de cuidado en el territorio.<br><br>Con este respaldo internacional, Boyac\u00e1 se posiciona para avanzar en obras y pol\u00edticas de alto impacto social y econ\u00f3mico.<\/p>\n","protected":false},"excerpt":{"rendered":"<p>Boyac\u00e1 dar\u00e1 un salto hist\u00f3rico en materia de desarrollo. Por primera vez, el departamento contar\u00e1 con el respaldo<\/p>\n","protected":false},"author":1,"featured_media":38716,"comment_status":"open","ping_status":"open","sticky":false,"template":"","format":"standard","meta":{"om_disable_all_campaigns":false,"_monsterinsights_skip_tracking":false,"_monsterinsights_sitenote_active":false,"_monsterinsights_sitenote_note":"","_monsterinsights_sitenote_category":0,"footnotes":""},"categories":[5],"tags":[10],"class_list":["post-38727","post","type-post","status-publish","format-standard","has-post-thumbnail","hentry","category-boyaca","tag-noticias"],"aioseo_notices":[],"_links":{"self":[{"href":"https:\/\/www.boyacaleinforma.com\/index.php?rest_route=\/wp\/v2\/posts\/38727","targetHints":{"allow":["GET"]}}],"collection":[{"href":"https:\/\/www.boyacaleinforma.com\/index.php?rest_route=\/wp\/v2\/posts"}],"about":[{"href":"https:\/\/www.boyacaleinforma.com\/index.php?rest_route=\/wp\/v2\/types\/post"}],"author":[{"embeddable":true,"href":"https:\/\/www.boyacaleinforma.com\/index.php?rest_route=\/wp\/v2\/users\/1"}],"replies":[{"embeddable":true,"href":"https:\/\/www.boyacaleinforma.com\/index.php?rest_route=%2Fwp%2Fv2%2Fcomments&post=38727"}],"version-history":[{"count":0,"href":"https:\/\/www.boyacaleinforma.com\/index.php?rest_route=\/wp\/v2\/posts\/38727\/revisions"}],"wp:featuredmedia":[{"embeddable":true,"href":"https:\/\/www.boyacaleinforma.com\/index.php?rest_route=\/wp\/v2\/media\/38716"}],"wp:attachment":[{"href":"https:\/\/www.boyacaleinforma.com\/index.php?rest_route=%2Fwp%2Fv2%2Fmedia&parent=38727"}],"wp:term":[{"taxonomy":"category","embeddable":true,"href":"https:\/\/www.boyacaleinforma.com\/index.php?rest_route=%2Fwp%2Fv2%2Fcategories&post=38727"},{"taxonomy":"post_tag","embeddable":true,"href":"https:\/\/www.boyacaleinforma.com\/index.php?rest_route=%2Fwp%2Fv2%2Ftags&post=38727"}],"curies":[{"name":"wp","href":"https:\/\/api.w.org\/{rel}","templated":true}]}}