{"id":38772,"date":"2025-12-04T05:43:07","date_gmt":"2025-12-04T10:43:07","guid":{"rendered":"https:\/\/www.boyacaleinforma.com\/?p=38772"},"modified":"2025-12-04T05:59:44","modified_gmt":"2025-12-04T10:59:44","slug":"boyaca-y-fedegan-sellan-alianza-para-modernizar-la-ganaderia-y-fortalecer-al-campesinado","status":"publish","type":"post","link":"https:\/\/www.boyacaleinforma.com\/?p=38772","title":{"rendered":"Boyac\u00e1 y FEDEG\u00c1N sellan alianza para modernizar la ganader\u00eda y fortalecer al campesinado"},"content":{"rendered":"\n<p>La Gobernaci\u00f3n de Boyac\u00e1 firm\u00f3 una Carta de Entendimiento con FEDEG\u00c1N\u2013FNG para impulsar la transformaci\u00f3n t\u00e9cnica, productiva y empresarial del sector ganadero en el departamento. El acuerdo, suscrito en Tunja por la secretaria de Agricultura, Nubia Elizabeth Berm\u00fadez, y el secretario general de FEDEG\u00c1N, Jaime Rafael Daza Almendrales, busca consolidar una ganader\u00eda sostenible y competitiva.<br><br>Berm\u00fadez destac\u00f3 que la alianza permitir\u00e1 unir esfuerzos en sostenibilidad, formaci\u00f3n y desarrollo productivo, beneficiando directamente a las comunidades rurales. Por su parte, FEDEG\u00c1N aportar\u00e1 su experiencia en asistencia t\u00e9cnica, investigaci\u00f3n, fortalecimiento de cooperativas y estrategias de comercializaci\u00f3n.<br><br>El convenio contempla brigadas ganaderas, acompa\u00f1amiento profesional, articulaci\u00f3n con asociaciones pecuarias y apoyo en recursos log\u00edsticos. Adem\u00e1s, ambas entidades podr\u00e1n cofinanciar proyectos e impulsar iniciativas en ciencia, tecnolog\u00eda e innovaci\u00f3n aplicadas al campo.<br><br>La articulaci\u00f3n, vigente hasta diciembre de 2027, abre la puerta a una pr\u00f3rroga autom\u00e1tica y se perfila como un impulso decisivo para la productividad y la econom\u00eda campesina, en l\u00ednea con el Plan de Desarrollo \u201cNuestro Gran Plan es Boyac\u00e1 2024\u20132027\u201d.<\/p>\n","protected":false},"excerpt":{"rendered":"<p>La Gobernaci\u00f3n de Boyac\u00e1 firm\u00f3 una Carta de Entendimiento con FEDEG\u00c1N\u2013FNG para impulsar la transformaci\u00f3n t\u00e9cnica, productiva y<\/p>\n","protected":false},"author":1,"featured_media":38765,"comment_status":"open","ping_status":"open","sticky":false,"template":"","format":"standard","meta":{"om_disable_all_campaigns":false,"_monsterinsights_skip_tracking":false,"_monsterinsights_sitenote_active":false,"_monsterinsights_sitenote_note":"","_monsterinsights_sitenote_category":0,"footnotes":""},"categories":[5],"tags":[10],"class_list":["post-38772","post","type-post","status-publish","format-standard","has-post-thumbnail","hentry","category-boyaca","tag-noticias"],"aioseo_notices":[],"_links":{"self":[{"href":"https:\/\/www.boyacaleinforma.com\/index.php?rest_route=\/wp\/v2\/posts\/38772","targetHints":{"allow":["GET"]}}],"collection":[{"href":"https:\/\/www.boyacaleinforma.com\/index.php?rest_route=\/wp\/v2\/posts"}],"about":[{"href":"https:\/\/www.boyacaleinforma.com\/index.php?rest_route=\/wp\/v2\/types\/post"}],"author":[{"embeddable":true,"href":"https:\/\/www.boyacaleinforma.com\/index.php?rest_route=\/wp\/v2\/users\/1"}],"replies":[{"embeddable":true,"href":"https:\/\/www.boyacaleinforma.com\/index.php?rest_route=%2Fwp%2Fv2%2Fcomments&post=38772"}],"version-history":[{"count":0,"href":"https:\/\/www.boyacaleinforma.com\/index.php?rest_route=\/wp\/v2\/posts\/38772\/revisions"}],"wp:featuredmedia":[{"embeddable":true,"href":"https:\/\/www.boyacaleinforma.com\/index.php?rest_route=\/wp\/v2\/media\/38765"}],"wp:attachment":[{"href":"https:\/\/www.boyacaleinforma.com\/index.php?rest_route=%2Fwp%2Fv2%2Fmedia&parent=38772"}],"wp:term":[{"taxonomy":"category","embeddable":true,"href":"https:\/\/www.boyacaleinforma.com\/index.php?rest_route=%2Fwp%2Fv2%2Fcategories&post=38772"},{"taxonomy":"post_tag","embeddable":true,"href":"https:\/\/www.boyacaleinforma.com\/index.php?rest_route=%2Fwp%2Fv2%2Ftags&post=38772"}],"curies":[{"name":"wp","href":"https:\/\/api.w.org\/{rel}","templated":true}]}}