{"id":38774,"date":"2025-12-04T05:44:44","date_gmt":"2025-12-04T10:44:44","guid":{"rendered":"https:\/\/www.boyacaleinforma.com\/?p=38774"},"modified":"2025-12-04T05:59:03","modified_gmt":"2025-12-04T10:59:03","slug":"gobierno-define-protocolo-para-regular-consumo-de-drogas-en-espacios-publicos-sin-vulnerar-derechos","status":"publish","type":"post","link":"https:\/\/www.boyacaleinforma.com\/?p=38774","title":{"rendered":"Gobierno define protocolo para regular consumo de drogas en espacios p\u00fablicos sin vulnerar derechos"},"content":{"rendered":"\n<p>El Ministerio de Justicia present\u00f3 un nuevo protocolo dirigido a alcaldes, gobernadores y a la Polic\u00eda Nacional para orientar la regulaci\u00f3n del consumo de sustancias psicoactivas en parques y otros espacios p\u00fablicos, en cumplimiento de la Sentencia C-127 de 2023 de la Corte Constitucional.<br><br>La hoja de ruta aclara que las autoridades deben diferenciar entre porte para uso personal y delitos relacionados con el tr\u00e1fico de estupefacientes, evitando cualquier forma de discriminaci\u00f3n hacia las personas consumidoras. El documento destaca que el abordaje del consumo debe centrarse en la salud p\u00fablica, la atenci\u00f3n integral y el respeto por los derechos humanos.<br><br>El protocolo recuerda que el C\u00f3digo Nacional de Seguridad y Convivencia permite a las autoridades territoriales regular el consumo en defensa de los derechos de ni\u00f1os, ni\u00f1as y adolescentes, pero advierte que las medidas no pueden basarse en pol\u00edticas de penalizaci\u00f3n o \u201ctolerancia cero\u201d. En su lugar, propone alternativas que permitan enfrentar los mercados ilegales y reducir los impactos del tr\u00e1fico il\u00edcito, la delincuencia y la violencia.<br><br>Con este lineamiento, el Gobierno busca que las decisiones locales sean m\u00e1s claras, responsables y ajustadas a los est\u00e1ndares constitucionales y de salud p\u00fablica.<\/p>\n","protected":false},"excerpt":{"rendered":"<p>El Ministerio de Justicia present\u00f3 un nuevo protocolo dirigido a alcaldes, gobernadores y a la Polic\u00eda Nacional para<\/p>\n","protected":false},"author":1,"featured_media":38764,"comment_status":"open","ping_status":"open","sticky":false,"template":"","format":"standard","meta":{"om_disable_all_campaigns":false,"_monsterinsights_skip_tracking":false,"_monsterinsights_sitenote_active":false,"_monsterinsights_sitenote_note":"","_monsterinsights_sitenote_category":0,"footnotes":""},"categories":[9],"tags":[10],"class_list":["post-38774","post","type-post","status-publish","format-standard","has-post-thumbnail","hentry","category-colombia","tag-noticias"],"aioseo_notices":[],"_links":{"self":[{"href":"https:\/\/www.boyacaleinforma.com\/index.php?rest_route=\/wp\/v2\/posts\/38774","targetHints":{"allow":["GET"]}}],"collection":[{"href":"https:\/\/www.boyacaleinforma.com\/index.php?rest_route=\/wp\/v2\/posts"}],"about":[{"href":"https:\/\/www.boyacaleinforma.com\/index.php?rest_route=\/wp\/v2\/types\/post"}],"author":[{"embeddable":true,"href":"https:\/\/www.boyacaleinforma.com\/index.php?rest_route=\/wp\/v2\/users\/1"}],"replies":[{"embeddable":true,"href":"https:\/\/www.boyacaleinforma.com\/index.php?rest_route=%2Fwp%2Fv2%2Fcomments&post=38774"}],"version-history":[{"count":0,"href":"https:\/\/www.boyacaleinforma.com\/index.php?rest_route=\/wp\/v2\/posts\/38774\/revisions"}],"wp:featuredmedia":[{"embeddable":true,"href":"https:\/\/www.boyacaleinforma.com\/index.php?rest_route=\/wp\/v2\/media\/38764"}],"wp:attachment":[{"href":"https:\/\/www.boyacaleinforma.com\/index.php?rest_route=%2Fwp%2Fv2%2Fmedia&parent=38774"}],"wp:term":[{"taxonomy":"category","embeddable":true,"href":"https:\/\/www.boyacaleinforma.com\/index.php?rest_route=%2Fwp%2Fv2%2Fcategories&post=38774"},{"taxonomy":"post_tag","embeddable":true,"href":"https:\/\/www.boyacaleinforma.com\/index.php?rest_route=%2Fwp%2Fv2%2Ftags&post=38774"}],"curies":[{"name":"wp","href":"https:\/\/api.w.org\/{rel}","templated":true}]}}