{"id":38809,"date":"2025-12-04T23:37:01","date_gmt":"2025-12-05T04:37:01","guid":{"rendered":"https:\/\/www.boyacaleinforma.com\/?p=38809"},"modified":"2025-12-04T23:37:11","modified_gmt":"2025-12-05T04:37:11","slug":"presentacion-oficialmente-del-equipo-de-la-primera-c-que-representara-a-chiquinquira-en-el-torneo-nacional-de-futbol","status":"publish","type":"post","link":"https:\/\/www.boyacaleinforma.com\/?p=38809","title":{"rendered":"Presentaci\u00f3n oficialmente del equipo de la Primera C que representar\u00e1 a Chiquinquir\u00e1 en el torneo nacional de f\u00fatbol"},"content":{"rendered":"\n<p>El evento cont\u00f3 con la presencia del alcalde Jefferson Caro, dise\u00f1ador y gestor del proyecto deportivo, as\u00ed como del presidente del Club Goleiros de Boyac\u00e1, Juan Carlos Canoles, el director del Imdecur Chiquinquir\u00e1, Orlando Parra, la presidenta del Concejo Municipal, Liliana Pe\u00f1a, concejales, periodistas y miembros de la comunidad, quienes acompa\u00f1aron este significativo momento.<\/p>\n\n\n\n<p>Durante la ceremonia se dieron a conocer detalles importantes como el calendario de partidos, los uniformes oficiales, la n\u00f3mina del equipo, el cuerpo t\u00e9cnico y las estrategias administrativas para garantizar la sostenibilidad del equipo durante la presente temporada y futuras competiciones.<\/p>\n","protected":false},"excerpt":{"rendered":"<p>El evento cont\u00f3 con la presencia del alcalde Jefferson Caro, dise\u00f1ador y gestor del proyecto deportivo, as\u00ed como<\/p>\n","protected":false},"author":1,"featured_media":38799,"comment_status":"open","ping_status":"open","sticky":false,"template":"","format":"standard","meta":{"om_disable_all_campaigns":false,"_monsterinsights_skip_tracking":false,"_monsterinsights_sitenote_active":false,"_monsterinsights_sitenote_note":"","_monsterinsights_sitenote_category":0,"footnotes":""},"categories":[1],"tags":[],"class_list":["post-38809","post","type-post","status-publish","format-standard","has-post-thumbnail","hentry","category-uncategorized"],"aioseo_notices":[],"_links":{"self":[{"href":"https:\/\/www.boyacaleinforma.com\/index.php?rest_route=\/wp\/v2\/posts\/38809","targetHints":{"allow":["GET"]}}],"collection":[{"href":"https:\/\/www.boyacaleinforma.com\/index.php?rest_route=\/wp\/v2\/posts"}],"about":[{"href":"https:\/\/www.boyacaleinforma.com\/index.php?rest_route=\/wp\/v2\/types\/post"}],"author":[{"embeddable":true,"href":"https:\/\/www.boyacaleinforma.com\/index.php?rest_route=\/wp\/v2\/users\/1"}],"replies":[{"embeddable":true,"href":"https:\/\/www.boyacaleinforma.com\/index.php?rest_route=%2Fwp%2Fv2%2Fcomments&post=38809"}],"version-history":[{"count":0,"href":"https:\/\/www.boyacaleinforma.com\/index.php?rest_route=\/wp\/v2\/posts\/38809\/revisions"}],"wp:featuredmedia":[{"embeddable":true,"href":"https:\/\/www.boyacaleinforma.com\/index.php?rest_route=\/wp\/v2\/media\/38799"}],"wp:attachment":[{"href":"https:\/\/www.boyacaleinforma.com\/index.php?rest_route=%2Fwp%2Fv2%2Fmedia&parent=38809"}],"wp:term":[{"taxonomy":"category","embeddable":true,"href":"https:\/\/www.boyacaleinforma.com\/index.php?rest_route=%2Fwp%2Fv2%2Fcategories&post=38809"},{"taxonomy":"post_tag","embeddable":true,"href":"https:\/\/www.boyacaleinforma.com\/index.php?rest_route=%2Fwp%2Fv2%2Ftags&post=38809"}],"curies":[{"name":"wp","href":"https:\/\/api.w.org\/{rel}","templated":true}]}}