{"id":38828,"date":"2025-12-04T23:48:52","date_gmt":"2025-12-05T04:48:52","guid":{"rendered":"https:\/\/www.boyacaleinforma.com\/?p=38828"},"modified":"2025-12-04T23:49:54","modified_gmt":"2025-12-05T04:49:54","slug":"pan-mas-caro-en-boyaca-insumos-importados-disparan-el-precio","status":"publish","type":"post","link":"https:\/\/www.boyacaleinforma.com\/?p=38828","title":{"rendered":"Pan m\u00e1s caro en Boyac\u00e1: insumos importados disparan el precio"},"content":{"rendered":"\n<p>El pan, uno de los alimentos m\u00e1s presentes en la mesa de las familias boyacenses, contin\u00faa registrando aumentos de precio. La preocupaci\u00f3n crece entre consumidores y panaderos, quienes aseguran que desde hace m\u00e1s de un a\u00f1o los costos de los insumos no dejan de subir.<br><br>El principal factor es el trigo, base de la panificaci\u00f3n y cereal que Colombia no produce en cantidades comerciales. La industria molinera debe importar el 99,4 % del trigo que se consume en el pa\u00eds, por lo que cualquier variaci\u00f3n internacional en el valor del grano impacta directamente el bolsillo local.<br><br>Los panaderos advierten que, mientras los insumos sigan encareci\u00e9ndose, ser\u00e1 dif\u00edcil evitar nuevos incrementos en el precio final del pan, alimento esencial en la dieta de los hogares boyacenses.<\/p>\n","protected":false},"excerpt":{"rendered":"<p>El pan, uno de los alimentos m\u00e1s presentes en la mesa de las familias boyacenses, contin\u00faa registrando aumentos<\/p>\n","protected":false},"author":1,"featured_media":38817,"comment_status":"open","ping_status":"open","sticky":false,"template":"","format":"standard","meta":{"om_disable_all_campaigns":false,"_monsterinsights_skip_tracking":false,"_monsterinsights_sitenote_active":false,"_monsterinsights_sitenote_note":"","_monsterinsights_sitenote_category":0,"footnotes":""},"categories":[5],"tags":[10],"class_list":["post-38828","post","type-post","status-publish","format-standard","has-post-thumbnail","hentry","category-boyaca","tag-noticias"],"aioseo_notices":[],"_links":{"self":[{"href":"https:\/\/www.boyacaleinforma.com\/index.php?rest_route=\/wp\/v2\/posts\/38828","targetHints":{"allow":["GET"]}}],"collection":[{"href":"https:\/\/www.boyacaleinforma.com\/index.php?rest_route=\/wp\/v2\/posts"}],"about":[{"href":"https:\/\/www.boyacaleinforma.com\/index.php?rest_route=\/wp\/v2\/types\/post"}],"author":[{"embeddable":true,"href":"https:\/\/www.boyacaleinforma.com\/index.php?rest_route=\/wp\/v2\/users\/1"}],"replies":[{"embeddable":true,"href":"https:\/\/www.boyacaleinforma.com\/index.php?rest_route=%2Fwp%2Fv2%2Fcomments&post=38828"}],"version-history":[{"count":0,"href":"https:\/\/www.boyacaleinforma.com\/index.php?rest_route=\/wp\/v2\/posts\/38828\/revisions"}],"wp:featuredmedia":[{"embeddable":true,"href":"https:\/\/www.boyacaleinforma.com\/index.php?rest_route=\/wp\/v2\/media\/38817"}],"wp:attachment":[{"href":"https:\/\/www.boyacaleinforma.com\/index.php?rest_route=%2Fwp%2Fv2%2Fmedia&parent=38828"}],"wp:term":[{"taxonomy":"category","embeddable":true,"href":"https:\/\/www.boyacaleinforma.com\/index.php?rest_route=%2Fwp%2Fv2%2Fcategories&post=38828"},{"taxonomy":"post_tag","embeddable":true,"href":"https:\/\/www.boyacaleinforma.com\/index.php?rest_route=%2Fwp%2Fv2%2Ftags&post=38828"}],"curies":[{"name":"wp","href":"https:\/\/api.w.org\/{rel}","templated":true}]}}