{"id":39007,"date":"2025-12-08T20:09:31","date_gmt":"2025-12-09T01:09:31","guid":{"rendered":"https:\/\/www.boyacaleinforma.com\/?p=39007"},"modified":"2025-12-08T20:13:30","modified_gmt":"2025-12-09T01:13:30","slug":"contralor-pide-politica-urgente-para-salvar-los-paramos-esta-en-juego-el-agua-del-pais","status":"publish","type":"post","link":"https:\/\/www.boyacaleinforma.com\/?p=39007","title":{"rendered":"Contralor pide pol\u00edtica urgente para salvar los p\u00e1ramos: \u201cEst\u00e1 en juego el agua del pa\u00eds\u201d"},"content":{"rendered":"\n<p>El Contralor General, Carlos Hern\u00e1n Rodr\u00edguez Becerra, hizo un llamado contundente para crear una pol\u00edtica p\u00fablica que articule a todas las instituciones encargadas de proteger los p\u00e1ramos, ecosistemas de los que depende el abastecimiento de agua del 70% de los colombianos.<br><br>Durante la presentaci\u00f3n de la estrategia \u201cP\u00e1ramos en la Cima del Control \u2013 Un Nuevo Ciclo\u201d, Rodr\u00edguez anunci\u00f3 que buscar\u00e1 integrar al Ministerio de Ambiente, la Procuradur\u00eda, la Fiscal\u00eda y otros entes de control en mesas t\u00e9cnicas que permitan un trabajo coordinado y permanente. La iniciativa, dijo, funcionar\u00e1 al interior de la Contralor\u00eda de forma similar a \u201cSalvando Obras\u201d, incorporando herramientas de georreferenciaci\u00f3n para vigilar los recursos y acciones destinados a la conservaci\u00f3n.<br><br>El Contralor record\u00f3 que Colombia posee cerca del 50% de los p\u00e1ramos del planeta y que estos territorios, adem\u00e1s de ser reservorios de biodiversidad \u00fanica y hogar de miles de habitantes, hoy enfrentan amenazas como la expansi\u00f3n agr\u00edcola, la ganader\u00eda intensiva y la miner\u00eda.<br><br>\u201cEs urgente una pol\u00edtica p\u00fablica que garantice coordinaci\u00f3n interinstitucional para proteger esta reserva que distingue a Colombia en el mundo\u201d, se\u00f1al\u00f3 Rodr\u00edguez Becerra, al insistir en que la conservaci\u00f3n de los p\u00e1ramos es una responsabilidad ineludible del Estado.<\/p>\n","protected":false},"excerpt":{"rendered":"<p>El Contralor General, Carlos Hern\u00e1n Rodr\u00edguez Becerra, hizo un llamado contundente para crear una pol\u00edtica p\u00fablica que articule<\/p>\n","protected":false},"author":1,"featured_media":39002,"comment_status":"open","ping_status":"open","sticky":false,"template":"","format":"standard","meta":{"om_disable_all_campaigns":false,"_monsterinsights_skip_tracking":false,"_monsterinsights_sitenote_active":false,"_monsterinsights_sitenote_note":"","_monsterinsights_sitenote_category":0,"footnotes":""},"categories":[9],"tags":[10],"class_list":["post-39007","post","type-post","status-publish","format-standard","has-post-thumbnail","hentry","category-colombia","tag-noticias"],"aioseo_notices":[],"_links":{"self":[{"href":"https:\/\/www.boyacaleinforma.com\/index.php?rest_route=\/wp\/v2\/posts\/39007","targetHints":{"allow":["GET"]}}],"collection":[{"href":"https:\/\/www.boyacaleinforma.com\/index.php?rest_route=\/wp\/v2\/posts"}],"about":[{"href":"https:\/\/www.boyacaleinforma.com\/index.php?rest_route=\/wp\/v2\/types\/post"}],"author":[{"embeddable":true,"href":"https:\/\/www.boyacaleinforma.com\/index.php?rest_route=\/wp\/v2\/users\/1"}],"replies":[{"embeddable":true,"href":"https:\/\/www.boyacaleinforma.com\/index.php?rest_route=%2Fwp%2Fv2%2Fcomments&post=39007"}],"version-history":[{"count":0,"href":"https:\/\/www.boyacaleinforma.com\/index.php?rest_route=\/wp\/v2\/posts\/39007\/revisions"}],"wp:featuredmedia":[{"embeddable":true,"href":"https:\/\/www.boyacaleinforma.com\/index.php?rest_route=\/wp\/v2\/media\/39002"}],"wp:attachment":[{"href":"https:\/\/www.boyacaleinforma.com\/index.php?rest_route=%2Fwp%2Fv2%2Fmedia&parent=39007"}],"wp:term":[{"taxonomy":"category","embeddable":true,"href":"https:\/\/www.boyacaleinforma.com\/index.php?rest_route=%2Fwp%2Fv2%2Fcategories&post=39007"},{"taxonomy":"post_tag","embeddable":true,"href":"https:\/\/www.boyacaleinforma.com\/index.php?rest_route=%2Fwp%2Fv2%2Ftags&post=39007"}],"curies":[{"name":"wp","href":"https:\/\/api.w.org\/{rel}","templated":true}]}}