{"id":39009,"date":"2025-12-08T20:10:22","date_gmt":"2025-12-09T01:10:22","guid":{"rendered":"https:\/\/www.boyacaleinforma.com\/?p=39009"},"modified":"2025-12-08T20:13:18","modified_gmt":"2025-12-09T01:13:18","slug":"boyaca-refuerza-la-vacunacion-en-diciembre-con-jornadas-nocturnas-y-extramurales","status":"publish","type":"post","link":"https:\/\/www.boyacaleinforma.com\/?p=39009","title":{"rendered":"Boyac\u00e1 refuerza la vacunaci\u00f3n en diciembre con jornadas nocturnas y extramurales"},"content":{"rendered":"\n<p>La Secretar\u00eda de Salud de Boyac\u00e1 anunci\u00f3 que durante todo diciembre continuar\u00e1n abiertos los puntos de vacunaci\u00f3n en el departamento, con el fin de fortalecer la protecci\u00f3n contra 29 enfermedades prevenibles. La ciudadan\u00eda debe presentar el carn\u00e9 para que los equipos verifiquen esquemas y apliquen las dosis necesarias.<br><br>El viernes 12 de diciembre se realizar\u00e1 un Vacunat\u00f3n nocturno de 5:00 p.m. a 9:00 p.m. en centros comerciales, parques, viviendas y zonas priorizadas de Tunja, Duitama, Sogamoso, Chiquinquir\u00e1 y Puerto Boyac\u00e1. Al d\u00eda siguiente, s\u00e1bado 13, se cumplir\u00e1 el d\u00eda central de la Jornada Nacional de Vacunaci\u00f3n con actividades extramurales.<br><br>En noviembre, Boyac\u00e1 cont\u00f3 con 182 puntos habilitados \u201440 extramurales y 142 institucionales\u2014 reforzados con recorridos casa a casa y vacunaci\u00f3n en unidades m\u00f3viles. All\u00ed se ofrecieron las 22 vacunas del esquema nacional para menores de seis a\u00f1os, dosis contra Covid-19 para infantes y mujeres en edad f\u00e9rtil, VPH para ni\u00f1os y ni\u00f1as de 9 a 17 a\u00f1os, triple viral, sarampi\u00f3n y rub\u00e9ola para nacidos entre 2010 y 2019, adem\u00e1s de influenza y fiebre amarilla.<br><br>El 22 de noviembre, d\u00eda central de la jornada pasada, se aplicaron 2.999 dosis, incluyendo vacunas BCG y Hepatitis B para 17 reci\u00e9n nacidos, y 297 dosis contra influenza estacional.<br><br>Las actividades fueron coordinadas por 169 vacunadores y 140 profesionales de salud, con el apoyo de alcald\u00edas, secretar\u00edas municipales y aliados del PAI.<\/p>\n","protected":false},"excerpt":{"rendered":"<p>La Secretar\u00eda de Salud de Boyac\u00e1 anunci\u00f3 que durante todo diciembre continuar\u00e1n abiertos los puntos de vacunaci\u00f3n en<\/p>\n","protected":false},"author":1,"featured_media":39003,"comment_status":"open","ping_status":"open","sticky":false,"template":"","format":"standard","meta":{"om_disable_all_campaigns":false,"_monsterinsights_skip_tracking":false,"_monsterinsights_sitenote_active":false,"_monsterinsights_sitenote_note":"","_monsterinsights_sitenote_category":0,"footnotes":""},"categories":[5],"tags":[10],"class_list":["post-39009","post","type-post","status-publish","format-standard","has-post-thumbnail","hentry","category-boyaca","tag-noticias"],"aioseo_notices":[],"_links":{"self":[{"href":"https:\/\/www.boyacaleinforma.com\/index.php?rest_route=\/wp\/v2\/posts\/39009","targetHints":{"allow":["GET"]}}],"collection":[{"href":"https:\/\/www.boyacaleinforma.com\/index.php?rest_route=\/wp\/v2\/posts"}],"about":[{"href":"https:\/\/www.boyacaleinforma.com\/index.php?rest_route=\/wp\/v2\/types\/post"}],"author":[{"embeddable":true,"href":"https:\/\/www.boyacaleinforma.com\/index.php?rest_route=\/wp\/v2\/users\/1"}],"replies":[{"embeddable":true,"href":"https:\/\/www.boyacaleinforma.com\/index.php?rest_route=%2Fwp%2Fv2%2Fcomments&post=39009"}],"version-history":[{"count":0,"href":"https:\/\/www.boyacaleinforma.com\/index.php?rest_route=\/wp\/v2\/posts\/39009\/revisions"}],"wp:featuredmedia":[{"embeddable":true,"href":"https:\/\/www.boyacaleinforma.com\/index.php?rest_route=\/wp\/v2\/media\/39003"}],"wp:attachment":[{"href":"https:\/\/www.boyacaleinforma.com\/index.php?rest_route=%2Fwp%2Fv2%2Fmedia&parent=39009"}],"wp:term":[{"taxonomy":"category","embeddable":true,"href":"https:\/\/www.boyacaleinforma.com\/index.php?rest_route=%2Fwp%2Fv2%2Fcategories&post=39009"},{"taxonomy":"post_tag","embeddable":true,"href":"https:\/\/www.boyacaleinforma.com\/index.php?rest_route=%2Fwp%2Fv2%2Ftags&post=39009"}],"curies":[{"name":"wp","href":"https:\/\/api.w.org\/{rel}","templated":true}]}}