{"id":39011,"date":"2025-12-08T20:11:12","date_gmt":"2025-12-09T01:11:12","guid":{"rendered":"https:\/\/www.boyacaleinforma.com\/?p=39011"},"modified":"2025-12-08T20:13:06","modified_gmt":"2025-12-09T01:13:06","slug":"mesa-tripartita-inicia-negociacion-del-salario-minimo-2026","status":"publish","type":"post","link":"https:\/\/www.boyacaleinforma.com\/?p=39011","title":{"rendered":"Mesa tripartita inicia negociaci\u00f3n del salario m\u00ednimo 2026"},"content":{"rendered":"\n<p>El Gobierno, los gremios empresariales y las centrales sindicales instalaron este lunes la mesa tripartita encargada de negociar el aumento del salario m\u00ednimo para 2026, un proceso clave que impactar\u00e1 a m\u00e1s de 12 millones de trabajadores en Colombia.<\/p>\n\n\n\n<p><br>El ministro de Trabajo, Antonio Sanguino, destac\u00f3 la disposici\u00f3n del Ejecutivo a buscar un acuerdo concertado. \u201cQueremos una discusi\u00f3n racional que permita explorar un incremento por consenso\u201d, afirm\u00f3, subrayando que el salario m\u00ednimo es determinante para garantizar condiciones dignas y justicia laboral.<\/p>\n\n\n\n<p><br>En la sesi\u00f3n participaron delegados de Hacienda, Agricultura, Comercio, Funci\u00f3n P\u00fablica, DNP y DANE, as\u00ed como representantes de la ANDI, Acopi, SAC, Asobancaria y las centrales sindicales CUT, CGT y CTC. El DANE present\u00f3 las cifras m\u00e1s recientes de productividad y mercado laboral, insumos clave para la negociaci\u00f3n.<\/p>\n\n\n\n<p><br>La mesa volver\u00e1 a reunirse el 9 de diciembre, cuando el Gobierno, el Banco de la Rep\u00fablica, los gremios y los sindicatos llevar\u00e1n sus propuestas y proyecciones para definir el incremento del salario m\u00ednimo de 2026.<\/p>\n","protected":false},"excerpt":{"rendered":"<p>El Gobierno, los gremios empresariales y las centrales sindicales instalaron este lunes la mesa tripartita encargada de negociar<\/p>\n","protected":false},"author":1,"featured_media":39001,"comment_status":"open","ping_status":"open","sticky":false,"template":"","format":"standard","meta":{"om_disable_all_campaigns":false,"_monsterinsights_skip_tracking":false,"_monsterinsights_sitenote_active":false,"_monsterinsights_sitenote_note":"","_monsterinsights_sitenote_category":0,"footnotes":""},"categories":[9],"tags":[10],"class_list":["post-39011","post","type-post","status-publish","format-standard","has-post-thumbnail","hentry","category-colombia","tag-noticias"],"aioseo_notices":[],"_links":{"self":[{"href":"https:\/\/www.boyacaleinforma.com\/index.php?rest_route=\/wp\/v2\/posts\/39011","targetHints":{"allow":["GET"]}}],"collection":[{"href":"https:\/\/www.boyacaleinforma.com\/index.php?rest_route=\/wp\/v2\/posts"}],"about":[{"href":"https:\/\/www.boyacaleinforma.com\/index.php?rest_route=\/wp\/v2\/types\/post"}],"author":[{"embeddable":true,"href":"https:\/\/www.boyacaleinforma.com\/index.php?rest_route=\/wp\/v2\/users\/1"}],"replies":[{"embeddable":true,"href":"https:\/\/www.boyacaleinforma.com\/index.php?rest_route=%2Fwp%2Fv2%2Fcomments&post=39011"}],"version-history":[{"count":0,"href":"https:\/\/www.boyacaleinforma.com\/index.php?rest_route=\/wp\/v2\/posts\/39011\/revisions"}],"wp:featuredmedia":[{"embeddable":true,"href":"https:\/\/www.boyacaleinforma.com\/index.php?rest_route=\/wp\/v2\/media\/39001"}],"wp:attachment":[{"href":"https:\/\/www.boyacaleinforma.com\/index.php?rest_route=%2Fwp%2Fv2%2Fmedia&parent=39011"}],"wp:term":[{"taxonomy":"category","embeddable":true,"href":"https:\/\/www.boyacaleinforma.com\/index.php?rest_route=%2Fwp%2Fv2%2Fcategories&post=39011"},{"taxonomy":"post_tag","embeddable":true,"href":"https:\/\/www.boyacaleinforma.com\/index.php?rest_route=%2Fwp%2Fv2%2Ftags&post=39011"}],"curies":[{"name":"wp","href":"https:\/\/api.w.org\/{rel}","templated":true}]}}