{"id":39058,"date":"2025-12-10T00:32:07","date_gmt":"2025-12-10T05:32:07","guid":{"rendered":"https:\/\/www.boyacaleinforma.com\/?p=39058"},"modified":"2025-12-10T00:32:11","modified_gmt":"2025-12-10T05:32:11","slug":"chiquinquira-epicentro-del-dialogo-por-la-seguridad-en-boyaca","status":"publish","type":"post","link":"https:\/\/www.boyacaleinforma.com\/?p=39058","title":{"rendered":"Chiquinquir\u00e1, epicentro del di\u00e1logo por la seguridad en Boyac\u00e1"},"content":{"rendered":"\n<p>La ciudad fue sede del Consejo de Seguridad Departamental Ampliado, presidido por el Ministro de Defensa, General (r) Pedro Arnulfo S\u00e1nchez Su\u00e1rez, y el gobernador de Boyac\u00e1, Carlos Amaya, con la presencia de la c\u00fapula militar y policial, alcaldes y autoridades del orden nacional y territorial.<\/p>\n\n\n\n<p>Durante su intervenci\u00f3n, el alcalde Jefferson Caro reafirm\u00f3 el compromiso de Chiquinquir\u00e1 con la paz territorial, la convivencia ciudadana y la defensa de los derechos de los habitantes, destacando que la seguridad es una responsabilidad compartida que exige voluntad pol\u00edtica y articulaci\u00f3n institucional.<\/p>\n","protected":false},"excerpt":{"rendered":"<p>La ciudad fue sede del Consejo de Seguridad Departamental Ampliado, presidido por el Ministro de Defensa, General (r)<\/p>\n","protected":false},"author":1,"featured_media":39052,"comment_status":"open","ping_status":"open","sticky":false,"template":"","format":"standard","meta":{"om_disable_all_campaigns":false,"_monsterinsights_skip_tracking":false,"_monsterinsights_sitenote_active":false,"_monsterinsights_sitenote_note":"","_monsterinsights_sitenote_category":0,"footnotes":""},"categories":[1],"tags":[],"class_list":["post-39058","post","type-post","status-publish","format-standard","has-post-thumbnail","hentry","category-uncategorized"],"aioseo_notices":[],"_links":{"self":[{"href":"https:\/\/www.boyacaleinforma.com\/index.php?rest_route=\/wp\/v2\/posts\/39058","targetHints":{"allow":["GET"]}}],"collection":[{"href":"https:\/\/www.boyacaleinforma.com\/index.php?rest_route=\/wp\/v2\/posts"}],"about":[{"href":"https:\/\/www.boyacaleinforma.com\/index.php?rest_route=\/wp\/v2\/types\/post"}],"author":[{"embeddable":true,"href":"https:\/\/www.boyacaleinforma.com\/index.php?rest_route=\/wp\/v2\/users\/1"}],"replies":[{"embeddable":true,"href":"https:\/\/www.boyacaleinforma.com\/index.php?rest_route=%2Fwp%2Fv2%2Fcomments&post=39058"}],"version-history":[{"count":0,"href":"https:\/\/www.boyacaleinforma.com\/index.php?rest_route=\/wp\/v2\/posts\/39058\/revisions"}],"wp:featuredmedia":[{"embeddable":true,"href":"https:\/\/www.boyacaleinforma.com\/index.php?rest_route=\/wp\/v2\/media\/39052"}],"wp:attachment":[{"href":"https:\/\/www.boyacaleinforma.com\/index.php?rest_route=%2Fwp%2Fv2%2Fmedia&parent=39058"}],"wp:term":[{"taxonomy":"category","embeddable":true,"href":"https:\/\/www.boyacaleinforma.com\/index.php?rest_route=%2Fwp%2Fv2%2Fcategories&post=39058"},{"taxonomy":"post_tag","embeddable":true,"href":"https:\/\/www.boyacaleinforma.com\/index.php?rest_route=%2Fwp%2Fv2%2Ftags&post=39058"}],"curies":[{"name":"wp","href":"https:\/\/api.w.org\/{rel}","templated":true}]}}