{"id":39060,"date":"2025-12-10T00:33:21","date_gmt":"2025-12-10T05:33:21","guid":{"rendered":"https:\/\/www.boyacaleinforma.com\/?p=39060"},"modified":"2025-12-10T00:33:26","modified_gmt":"2025-12-10T05:33:26","slug":"homenaje-de-la-reserva-activa-de-la-policia-y-las-fuerzas-militares-en-boavita","status":"publish","type":"post","link":"https:\/\/www.boyacaleinforma.com\/?p=39060","title":{"rendered":"Homenaje de la reserva activa de la Polic\u00eda y las Fuerzas Militares en Boavita"},"content":{"rendered":"\n<p>La reserva activa de la Polic\u00eda Nacional y las Fuerzas Militares acantonadas en el municipio de Boavita en articulaci\u00f3n con la administraci\u00f3n municipal, y la Polic\u00eda, se llevaron a cabo solemnes actos protocolarios en homenaje a los hombres y mujeres de la Fuerza P\u00fablica ca\u00eddos en cumplimiento de su deber junto al acompa\u00f1amiento del personal de la Reserva Activa.<\/p>\n\n\n\n<p>Esta ceremonia fue un espacio de profundo respeto, reconocimiento y gratitud hacia quienes ofrecieron su vida en defensa de la patria, la soberan\u00eda y la tranquilidad de todos los colombianos.<\/p>\n","protected":false},"excerpt":{"rendered":"<p>La reserva activa de la Polic\u00eda Nacional y las Fuerzas Militares acantonadas en el municipio de Boavita en<\/p>\n","protected":false},"author":1,"featured_media":39049,"comment_status":"open","ping_status":"open","sticky":false,"template":"","format":"standard","meta":{"om_disable_all_campaigns":false,"_monsterinsights_skip_tracking":false,"_monsterinsights_sitenote_active":false,"_monsterinsights_sitenote_note":"","_monsterinsights_sitenote_category":0,"footnotes":""},"categories":[1],"tags":[],"class_list":["post-39060","post","type-post","status-publish","format-standard","has-post-thumbnail","hentry","category-uncategorized"],"aioseo_notices":[],"_links":{"self":[{"href":"https:\/\/www.boyacaleinforma.com\/index.php?rest_route=\/wp\/v2\/posts\/39060","targetHints":{"allow":["GET"]}}],"collection":[{"href":"https:\/\/www.boyacaleinforma.com\/index.php?rest_route=\/wp\/v2\/posts"}],"about":[{"href":"https:\/\/www.boyacaleinforma.com\/index.php?rest_route=\/wp\/v2\/types\/post"}],"author":[{"embeddable":true,"href":"https:\/\/www.boyacaleinforma.com\/index.php?rest_route=\/wp\/v2\/users\/1"}],"replies":[{"embeddable":true,"href":"https:\/\/www.boyacaleinforma.com\/index.php?rest_route=%2Fwp%2Fv2%2Fcomments&post=39060"}],"version-history":[{"count":0,"href":"https:\/\/www.boyacaleinforma.com\/index.php?rest_route=\/wp\/v2\/posts\/39060\/revisions"}],"wp:featuredmedia":[{"embeddable":true,"href":"https:\/\/www.boyacaleinforma.com\/index.php?rest_route=\/wp\/v2\/media\/39049"}],"wp:attachment":[{"href":"https:\/\/www.boyacaleinforma.com\/index.php?rest_route=%2Fwp%2Fv2%2Fmedia&parent=39060"}],"wp:term":[{"taxonomy":"category","embeddable":true,"href":"https:\/\/www.boyacaleinforma.com\/index.php?rest_route=%2Fwp%2Fv2%2Fcategories&post=39060"},{"taxonomy":"post_tag","embeddable":true,"href":"https:\/\/www.boyacaleinforma.com\/index.php?rest_route=%2Fwp%2Fv2%2Ftags&post=39060"}],"curies":[{"name":"wp","href":"https:\/\/api.w.org\/{rel}","templated":true}]}}