{"id":39123,"date":"2025-12-10T22:45:25","date_gmt":"2025-12-11T03:45:25","guid":{"rendered":"https:\/\/www.boyacaleinforma.com\/?p=39123"},"modified":"2025-12-10T22:57:41","modified_gmt":"2025-12-11T03:57:41","slug":"boyaca-inscribe-54-aspirantes-a-la-camara-conozca-las-listas","status":"publish","type":"post","link":"https:\/\/www.boyacaleinforma.com\/?p=39123","title":{"rendered":"Boyac\u00e1 inscribe 54 aspirantes a la C\u00e1mara. Conozca las listas"},"content":{"rendered":"\n<p>La Registradur\u00eda Nacional del Estado Civil confirm\u00f3 que 54 candidatos quedaron inscritos en Boyac\u00e1 para competir por las seis curules de la C\u00e1mara de Representantes en las elecciones del 2 de marzo de 2026. Las postulaciones quedaron distribuidas en nueve listas presentadas por partidos y movimientos pol\u00edticos.<br><br>El delegado de la Registradur\u00eda en Boyac\u00e1, Zamir Silva Zabala, inform\u00f3 que el plazo de inscripci\u00f3n cerr\u00f3 el 8 de diciembre a las 6:00 p. m., simult\u00e1neamente con el proceso nacional y las listas al Senado. Actualmente avanza el periodo de modificaciones, que se extender\u00e1 hasta el 15 de diciembre, tras lo cual se publicar\u00e1n las listas definitivas.<\/p>\n\n\n\n<p><strong>Dignidad y Compromiso<\/strong><\/p>\n\n\n\n<p>Graciela Ram\u00edrez Monroy 101<\/p>\n\n\n\n<p>Javier Araque Elaica 102<\/p>\n\n\n\n<p>Olga Ni\u00f1o Rojas 103<\/p>\n\n\n\n<p>Layoneth Grandas Villamil 104<\/p>\n\n\n\n<p>Jose de los Angeles Fern\u00e1ndez Palacios 105<\/p>\n\n\n\n<p>Edgar Fernando Farf\u00e1n Corzo 106<\/p>\n\n\n\n<p><strong>Alianza Verde<\/strong><\/p>\n\n\n\n<p>Jaime Ra\u00fal Salamanca Torres 101<\/p>\n\n\n\n<p>Vivian Andrea Nieto Fl\u00f3rez 102<\/p>\n\n\n\n<p>Adelinda Numpaque Sarmiento 103<\/p>\n\n\n\n<p>William Donato G\u00f3mez 104<\/p>\n\n\n\n<p>Ramiro Barrag\u00e1n Adame 105<\/p>\n\n\n\n<p>Yamit No\u00e9 Hurtado Neira 106<\/p>\n\n\n\n<p><strong>Centro Democr\u00e1tico<\/strong><\/p>\n\n\n\n<p>Delci Del Carmen Urbano 101<\/p>\n\n\n\n<p>Eduar Alexis Triana Rincon 102<\/p>\n\n\n\n<p>Jicly Esgardo Mutis Isaza 103<\/p>\n\n\n\n<p>Jhonatan David Holgu\u00edn Cruz 104<\/p>\n\n\n\n<p>Kenda Lucia Caldera Garavito 105<\/p>\n\n\n\n<p>Fredy Alexander Garz\u00f3n Rojas 106<\/p>\n\n\n\n<p><strong>Pacto Hist\u00f3rico<\/strong><\/p>\n\n\n\n<p>Jose Luis Boh\u00f3rquez L\u00f3pez 101<\/p>\n\n\n\n<p>Nini Johanna \u00c1ngel Avila 102<\/p>\n\n\n\n<p>Pedro Jose Su\u00e1rez Vacca 103<\/p>\n\n\n\n<p>Vilma Astrid Castellanos Correcha 104<\/p>\n\n\n\n<p>Pedro Ren\u00e9 Jim\u00e9nez 105<\/p>\n\n\n\n<p>Nubia Esperanza Su\u00e1rez Casta\u00f1eda 106<\/p>\n\n\n\n<p><strong>La U &#8211; Mira<\/strong><\/p>\n\n\n\n<p>Jairo Enrique Castiblanco Parra 101<\/p>\n\n\n\n<p>Humphrey Roa Sarmiento 102<\/p>\n\n\n\n<p>Miguel Angel Vivas Fl\u00f3rez 103<\/p>\n\n\n\n<p>Libi Puerto Granados 104<\/p>\n\n\n\n<p>Nancy Yaneth Zapata Pach\u00f3n 105<\/p>\n\n\n\n<p>Yury Neill D\u00edaz Aranguren 106<\/p>\n\n\n\n<p><strong>Conservador \u2013 Salvaci\u00f3n Nacional<\/strong><\/p>\n\n\n\n<p>Ingrid Marl\u00e9n Sogamoso Alfonso 101<\/p>\n\n\n\n<p>Hernel David Ortega G\u00f3mez 102<\/p>\n\n\n\n<p>Jose Dario Mahecha Castillo 103<\/p>\n\n\n\n<p>Gloria Cecilia Palacios Guastar 104<\/p>\n\n\n\n<p>John Alberto Moreno Galindo 105<\/p>\n\n\n\n<p>Wilder Iv\u00e1n Suesca Ochoa 106<\/p>\n\n\n\n<p><strong>Cambio Radical \u2013 Nuevo Liberalismo<\/strong><\/p>\n\n\n\n<p>Nadia Alexandra Carre\u00f1o Avella 101<\/p>\n\n\n\n<p>Fabi\u00e1n Camilo Rojas Barrera 102<\/p>\n\n\n\n<p>H\u00e9ctor Josu\u00e9 Camacho Acosta 103<\/p>\n\n\n\n<p>Laura Cristina Monroy Bayona 104<\/p>\n\n\n\n<p>Vicente Anibal Ojeda Mart\u00ednez 105<\/p>\n\n\n\n<p>\u00d3scar Yovany Montenegro Salcedo 106<\/p>\n\n\n\n<p><strong>Liberal<\/strong><\/p>\n\n\n\n<p>\u00d3scar Leonardo \u00c1vila Romero 101<\/p>\n\n\n\n<p>Nicolas Felipe Urbano Villamil 102<\/p>\n\n\n\n<p>Leisly Johana Becerra Mogoll\u00f3n 103<\/p>\n\n\n\n<p>Nubia Jacqueline Caro P\u00e9rez 104<\/p>\n\n\n\n<p>Camilo Andr\u00e9s Caicedo Silva 105<\/p>\n\n\n\n<p>H\u00e9ctor David Chaparro Chaparro 106<\/p>\n\n\n\n<p><strong>Alma \u2013 Ox\u00edgeno<\/strong><\/p>\n\n\n\n<p>Eduardo David Su\u00e1rez Moreno 101<\/p>\n\n\n\n<p>Olga Lucia Cruz Cuevas 102<\/p>\n\n\n\n<p>Giovanny Andr\u00e9s G\u00f3mez Palomino 103<\/p>\n\n\n\n<p>Rumaldo Rojas Ram\u00edrez 104<\/p>\n\n\n\n<p>Carolina Geiringer Ortega 105<\/p>\n\n\n\n<p>Ricardo Antonio Agudelo Guiza 106<\/p>\n","protected":false},"excerpt":{"rendered":"<p>La Registradur\u00eda Nacional del Estado Civil confirm\u00f3 que 54 candidatos quedaron inscritos en Boyac\u00e1 para competir por las<\/p>\n","protected":false},"author":1,"featured_media":39115,"comment_status":"open","ping_status":"open","sticky":false,"template":"","format":"standard","meta":{"om_disable_all_campaigns":false,"_monsterinsights_skip_tracking":false,"_monsterinsights_sitenote_active":false,"_monsterinsights_sitenote_note":"","_monsterinsights_sitenote_category":0,"footnotes":""},"categories":[5],"tags":[10],"class_list":["post-39123","post","type-post","status-publish","format-standard","has-post-thumbnail","hentry","category-boyaca","tag-noticias"],"aioseo_notices":[],"_links":{"self":[{"href":"https:\/\/www.boyacaleinforma.com\/index.php?rest_route=\/wp\/v2\/posts\/39123","targetHints":{"allow":["GET"]}}],"collection":[{"href":"https:\/\/www.boyacaleinforma.com\/index.php?rest_route=\/wp\/v2\/posts"}],"about":[{"href":"https:\/\/www.boyacaleinforma.com\/index.php?rest_route=\/wp\/v2\/types\/post"}],"author":[{"embeddable":true,"href":"https:\/\/www.boyacaleinforma.com\/index.php?rest_route=\/wp\/v2\/users\/1"}],"replies":[{"embeddable":true,"href":"https:\/\/www.boyacaleinforma.com\/index.php?rest_route=%2Fwp%2Fv2%2Fcomments&post=39123"}],"version-history":[{"count":0,"href":"https:\/\/www.boyacaleinforma.com\/index.php?rest_route=\/wp\/v2\/posts\/39123\/revisions"}],"wp:featuredmedia":[{"embeddable":true,"href":"https:\/\/www.boyacaleinforma.com\/index.php?rest_route=\/wp\/v2\/media\/39115"}],"wp:attachment":[{"href":"https:\/\/www.boyacaleinforma.com\/index.php?rest_route=%2Fwp%2Fv2%2Fmedia&parent=39123"}],"wp:term":[{"taxonomy":"category","embeddable":true,"href":"https:\/\/www.boyacaleinforma.com\/index.php?rest_route=%2Fwp%2Fv2%2Fcategories&post=39123"},{"taxonomy":"post_tag","embeddable":true,"href":"https:\/\/www.boyacaleinforma.com\/index.php?rest_route=%2Fwp%2Fv2%2Ftags&post=39123"}],"curies":[{"name":"wp","href":"https:\/\/api.w.org\/{rel}","templated":true}]}}