{"id":39125,"date":"2025-12-10T22:46:27","date_gmt":"2025-12-11T03:46:27","guid":{"rendered":"https:\/\/www.boyacaleinforma.com\/?p=39125"},"modified":"2025-12-10T22:57:28","modified_gmt":"2025-12-11T03:57:28","slug":"navidad-con-paraguas-ideam-advierte-fuertes-lluvias-y-riesgo-de-deslizamientos-en-varias-regiones","status":"publish","type":"post","link":"https:\/\/www.boyacaleinforma.com\/?p=39125","title":{"rendered":"Navidad con paraguas: Ideam advierte fuertes lluvias y riesgo de deslizamientos en varias regiones"},"content":{"rendered":"\n<p>El Ideam anticip\u00f3 que la temporada navide\u00f1a estar\u00e1 marcada por un incremento de lluvias y d\u00edas m\u00e1s fr\u00edos en las regiones Caribe, Andina y Pac\u00edfica, debido a condiciones similares al fen\u00f3meno de La Ni\u00f1a. Aunque el enfriamiento del Pac\u00edfico tropical a\u00fan no completa los cuatro meses requeridos para declararlo oficialmente, la atm\u00f3sfera ya refleja comportamientos t\u00edpicos.<br><br>En la regi\u00f3n Andina, las precipitaciones podr\u00edan superar los promedios entre un 20 % y 40 %, mientras que en la Orinoqu\u00eda se proyectan aumentos de entre 10 % y 20 %, especialmente en el piedemonte llanero y el occidente del Meta. Para enero, la Andina mantendr\u00eda lluvias entre 10 % y 20 % por encima de lo normal, excepto Norte de Santander, donde disminuir\u00edan hasta un 20 %. En la Orinoqu\u00eda, algunas zonas recibir\u00edan entre 10 % y 30 % m\u00e1s lluvia, pero regiones como Vichada y Casanare registrar\u00edan d\u00e9ficit.<br><br>A diferencia del centro y occidente del pa\u00eds, la Amazon\u00eda y la Orinoqu\u00eda enfrentar\u00edan lluvias escasas durante diciembre, aumentando el riesgo de incendios forestales. El MinAmbiente, la UNGRD y el Ideam pidieron a autoridades locales y ambientales mantener activos los planes de prevenci\u00f3n y atender de manera permanente los reportes oficiales para mitigar emergencias por deslizamientos e incendios.<\/p>\n","protected":false},"excerpt":{"rendered":"<p>El Ideam anticip\u00f3 que la temporada navide\u00f1a estar\u00e1 marcada por un incremento de lluvias y d\u00edas m\u00e1s fr\u00edos<\/p>\n","protected":false},"author":1,"featured_media":39117,"comment_status":"open","ping_status":"open","sticky":false,"template":"","format":"standard","meta":{"om_disable_all_campaigns":false,"_monsterinsights_skip_tracking":false,"_monsterinsights_sitenote_active":false,"_monsterinsights_sitenote_note":"","_monsterinsights_sitenote_category":0,"footnotes":""},"categories":[9],"tags":[10],"class_list":["post-39125","post","type-post","status-publish","format-standard","has-post-thumbnail","hentry","category-colombia","tag-noticias"],"aioseo_notices":[],"_links":{"self":[{"href":"https:\/\/www.boyacaleinforma.com\/index.php?rest_route=\/wp\/v2\/posts\/39125","targetHints":{"allow":["GET"]}}],"collection":[{"href":"https:\/\/www.boyacaleinforma.com\/index.php?rest_route=\/wp\/v2\/posts"}],"about":[{"href":"https:\/\/www.boyacaleinforma.com\/index.php?rest_route=\/wp\/v2\/types\/post"}],"author":[{"embeddable":true,"href":"https:\/\/www.boyacaleinforma.com\/index.php?rest_route=\/wp\/v2\/users\/1"}],"replies":[{"embeddable":true,"href":"https:\/\/www.boyacaleinforma.com\/index.php?rest_route=%2Fwp%2Fv2%2Fcomments&post=39125"}],"version-history":[{"count":0,"href":"https:\/\/www.boyacaleinforma.com\/index.php?rest_route=\/wp\/v2\/posts\/39125\/revisions"}],"wp:featuredmedia":[{"embeddable":true,"href":"https:\/\/www.boyacaleinforma.com\/index.php?rest_route=\/wp\/v2\/media\/39117"}],"wp:attachment":[{"href":"https:\/\/www.boyacaleinforma.com\/index.php?rest_route=%2Fwp%2Fv2%2Fmedia&parent=39125"}],"wp:term":[{"taxonomy":"category","embeddable":true,"href":"https:\/\/www.boyacaleinforma.com\/index.php?rest_route=%2Fwp%2Fv2%2Fcategories&post=39125"},{"taxonomy":"post_tag","embeddable":true,"href":"https:\/\/www.boyacaleinforma.com\/index.php?rest_route=%2Fwp%2Fv2%2Ftags&post=39125"}],"curies":[{"name":"wp","href":"https:\/\/api.w.org\/{rel}","templated":true}]}}