{"id":39232,"date":"2025-12-12T09:41:49","date_gmt":"2025-12-12T14:41:49","guid":{"rendered":"https:\/\/www.boyacaleinforma.com\/?p=39232"},"modified":"2025-12-12T09:53:43","modified_gmt":"2025-12-12T14:53:43","slug":"comunidades-de-el-mortino-pierden-batalla-judicial-por-presentar-demanda-fuera-de-tiempo","status":"publish","type":"post","link":"https:\/\/www.boyacaleinforma.com\/?p=39232","title":{"rendered":"Comunidades de El Morti\u00f1o pierden batalla judicial por presentar demanda fuera de tiempo"},"content":{"rendered":"\n<p>El Tribunal Administrativo de Boyac\u00e1 confirm\u00f3 que los habitantes de la vereda El Morti\u00f1o, en Socha, no recibir\u00e1n indemnizaci\u00f3n por los da\u00f1os causados a sus predios y viviendas presuntamente afectados por la explotaci\u00f3n de carb\u00f3n, debido a que presentaron su demanda de reparaci\u00f3n directa de manera extempor\u00e1nea.<br><br>Los pobladores buscaban que varias entidades p\u00fablicas y empresas mineras fueran declaradas responsables por un da\u00f1o que, seg\u00fan ellos, era \u201ccontinuado\u201d desde 2013. Peritajes de 2019 advert\u00edan p\u00e9rdida total de viviendas y terrenos infertilizados.<br><br>El Tribunal, sin embargo, determin\u00f3 que el \u201cconocimiento cierto\u201d del da\u00f1o se produjo en marzo de 2017, cuando la comunidad elev\u00f3 una petici\u00f3n a las autoridades denunciando deslizamientos, fracturas en viviendas y afectaci\u00f3n de fuentes h\u00eddricas. Ese mismo a\u00f1o, la Agencia Nacional de Miner\u00eda realiz\u00f3 una visita t\u00e9cnica que document\u00f3 las afectaciones.<br><br>A partir de esa fecha \u2014indic\u00f3 la sala\u2014 empez\u00f3 a correr el plazo legal de dos a\u00f1os para demandar. Como la acci\u00f3n fue presentada en octubre de 2020, el tiempo ya hab\u00eda expirado. La caducidad, record\u00f3 el Tribunal, no se interrumpe por el agravamiento posterior del da\u00f1o.<br><br>En consecuencia, la sentencia que declar\u00f3 caducada la demanda qued\u00f3 en firme, dejando sin reparaci\u00f3n a los habitantes que reclamaban perjuicios materiales por los efectos de la actividad minera en su territorio.<\/p>\n","protected":false},"excerpt":{"rendered":"<p>El Tribunal Administrativo de Boyac\u00e1 confirm\u00f3 que los habitantes de la vereda El Morti\u00f1o, en Socha, no recibir\u00e1n<\/p>\n","protected":false},"author":1,"featured_media":39235,"comment_status":"open","ping_status":"open","sticky":false,"template":"","format":"standard","meta":{"om_disable_all_campaigns":false,"_monsterinsights_skip_tracking":false,"_monsterinsights_sitenote_active":false,"_monsterinsights_sitenote_note":"","_monsterinsights_sitenote_category":0,"footnotes":""},"categories":[8],"tags":[10],"class_list":["post-39232","post","type-post","status-publish","format-standard","has-post-thumbnail","hentry","category-judicial","tag-noticias"],"aioseo_notices":[],"_links":{"self":[{"href":"https:\/\/www.boyacaleinforma.com\/index.php?rest_route=\/wp\/v2\/posts\/39232","targetHints":{"allow":["GET"]}}],"collection":[{"href":"https:\/\/www.boyacaleinforma.com\/index.php?rest_route=\/wp\/v2\/posts"}],"about":[{"href":"https:\/\/www.boyacaleinforma.com\/index.php?rest_route=\/wp\/v2\/types\/post"}],"author":[{"embeddable":true,"href":"https:\/\/www.boyacaleinforma.com\/index.php?rest_route=\/wp\/v2\/users\/1"}],"replies":[{"embeddable":true,"href":"https:\/\/www.boyacaleinforma.com\/index.php?rest_route=%2Fwp%2Fv2%2Fcomments&post=39232"}],"version-history":[{"count":0,"href":"https:\/\/www.boyacaleinforma.com\/index.php?rest_route=\/wp\/v2\/posts\/39232\/revisions"}],"wp:featuredmedia":[{"embeddable":true,"href":"https:\/\/www.boyacaleinforma.com\/index.php?rest_route=\/wp\/v2\/media\/39235"}],"wp:attachment":[{"href":"https:\/\/www.boyacaleinforma.com\/index.php?rest_route=%2Fwp%2Fv2%2Fmedia&parent=39232"}],"wp:term":[{"taxonomy":"category","embeddable":true,"href":"https:\/\/www.boyacaleinforma.com\/index.php?rest_route=%2Fwp%2Fv2%2Fcategories&post=39232"},{"taxonomy":"post_tag","embeddable":true,"href":"https:\/\/www.boyacaleinforma.com\/index.php?rest_route=%2Fwp%2Fv2%2Ftags&post=39232"}],"curies":[{"name":"wp","href":"https:\/\/api.w.org\/{rel}","templated":true}]}}