{"id":39241,"date":"2025-12-12T09:44:37","date_gmt":"2025-12-12T14:44:37","guid":{"rendered":"https:\/\/www.boyacaleinforma.com\/?p=39241"},"modified":"2025-12-12T09:53:12","modified_gmt":"2025-12-12T14:53:12","slug":"cundinamarca-y-boyaca-unen-fuerzas-para-potenciar-proyectos-ambientales","status":"publish","type":"post","link":"https:\/\/www.boyacaleinforma.com\/?p=39241","title":{"rendered":"Cundinamarca y Boyac\u00e1 unen fuerzas para potenciar proyectos ambientales"},"content":{"rendered":"\n<p>La Corporaci\u00f3n Aut\u00f3noma Regional de Cundinamarca (CAR), junto a las Secretar\u00edas de Ambiente de Cundinamarca y Boyac\u00e1, y varias corporaciones ambientales, firm\u00f3 un hist\u00f3rico acuerdo para fortalecer los proyectos de conservaci\u00f3n ambiental en ambos departamentos. El memorando de entendimiento busca consolidar acciones conjuntas en \u00e1reas clave como la seguridad h\u00eddrica, gesti\u00f3n del cambio clim\u00e1tico, educaci\u00f3n ambiental, y conservaci\u00f3n de la biodiversidad.<br><br>Liderado por el director de CAR, Alfred Ballesteros, este acuerdo tambi\u00e9n se enfocar\u00e1 en fortalecer las capacidades t\u00e9cnicas y estrat\u00e9gicas para la gesti\u00f3n sostenible de las \u00e1reas protegidas. Se dar\u00e1 especial atenci\u00f3n a las cuencas compartidas entre ambos departamentos, promoviendo la cooperaci\u00f3n cient\u00edfica y el desarrollo de proyectos conjuntos a corto, mediano y largo plazo.<br><br>Este compromiso resalta la importancia de la colaboraci\u00f3n entre instituciones y regiones para asegurar un futuro m\u00e1s sostenible y la protecci\u00f3n de los recursos naturales.<\/p>\n","protected":false},"excerpt":{"rendered":"<p>La Corporaci\u00f3n Aut\u00f3noma Regional de Cundinamarca (CAR), junto a las Secretar\u00edas de Ambiente de Cundinamarca y Boyac\u00e1, y<\/p>\n","protected":false},"author":1,"featured_media":39233,"comment_status":"open","ping_status":"open","sticky":false,"template":"","format":"standard","meta":{"om_disable_all_campaigns":false,"_monsterinsights_skip_tracking":false,"_monsterinsights_sitenote_active":false,"_monsterinsights_sitenote_note":"","_monsterinsights_sitenote_category":0,"footnotes":""},"categories":[9],"tags":[10],"class_list":["post-39241","post","type-post","status-publish","format-standard","has-post-thumbnail","hentry","category-colombia","tag-noticias"],"aioseo_notices":[],"_links":{"self":[{"href":"https:\/\/www.boyacaleinforma.com\/index.php?rest_route=\/wp\/v2\/posts\/39241","targetHints":{"allow":["GET"]}}],"collection":[{"href":"https:\/\/www.boyacaleinforma.com\/index.php?rest_route=\/wp\/v2\/posts"}],"about":[{"href":"https:\/\/www.boyacaleinforma.com\/index.php?rest_route=\/wp\/v2\/types\/post"}],"author":[{"embeddable":true,"href":"https:\/\/www.boyacaleinforma.com\/index.php?rest_route=\/wp\/v2\/users\/1"}],"replies":[{"embeddable":true,"href":"https:\/\/www.boyacaleinforma.com\/index.php?rest_route=%2Fwp%2Fv2%2Fcomments&post=39241"}],"version-history":[{"count":0,"href":"https:\/\/www.boyacaleinforma.com\/index.php?rest_route=\/wp\/v2\/posts\/39241\/revisions"}],"wp:featuredmedia":[{"embeddable":true,"href":"https:\/\/www.boyacaleinforma.com\/index.php?rest_route=\/wp\/v2\/media\/39233"}],"wp:attachment":[{"href":"https:\/\/www.boyacaleinforma.com\/index.php?rest_route=%2Fwp%2Fv2%2Fmedia&parent=39241"}],"wp:term":[{"taxonomy":"category","embeddable":true,"href":"https:\/\/www.boyacaleinforma.com\/index.php?rest_route=%2Fwp%2Fv2%2Fcategories&post=39241"},{"taxonomy":"post_tag","embeddable":true,"href":"https:\/\/www.boyacaleinforma.com\/index.php?rest_route=%2Fwp%2Fv2%2Ftags&post=39241"}],"curies":[{"name":"wp","href":"https:\/\/api.w.org\/{rel}","templated":true}]}}