{"id":39423,"date":"2025-12-16T06:22:28","date_gmt":"2025-12-16T11:22:28","guid":{"rendered":"https:\/\/www.boyacaleinforma.com\/?p=39423"},"modified":"2025-12-16T06:36:18","modified_gmt":"2025-12-16T11:36:18","slug":"procuraduria-acusa-al-alcalde-de-san-luis-de-gaceno-por-contrato-cuestionado","status":"publish","type":"post","link":"https:\/\/www.boyacaleinforma.com\/?p=39423","title":{"rendered":"Procuradur\u00eda acusa al alcalde de San Luis de Gaceno por contrato cuestionado"},"content":{"rendered":"\n<p>La Procuradur\u00eda General de la Naci\u00f3n formul\u00f3 cargos contra el alcalde de San Luis de Gaceno, Boyac\u00e1, Nelzon Garz\u00f3n Chitiva, por presuntas irregularidades en la firma de un contrato durante su actual periodo de gobierno.<br><br>Seg\u00fan el Ministerio P\u00fablico, el mandatario habr\u00eda suscrito en mayo de 2024 un contrato de prestaci\u00f3n de servicios con el padre de un concejal en ejercicio del municipio, para apoyar actividades culturales como promotor musical. El ente de control advirti\u00f3 que esta actuaci\u00f3n podr\u00eda desconocer la prohibici\u00f3n legal de contratar personas vinculadas a quienes intervinieron en su postulaci\u00f3n o designaci\u00f3n.<br><br>La Procuradur\u00eda se\u00f1al\u00f3 que el alcalde habr\u00eda incumplido sus deberes funcionales y calific\u00f3 de manera provisional la conducta como una falta disciplinaria grav\u00edsima, atribuida a t\u00edtulo de culpa grav\u00edsima. El proceso disciplinario continuar\u00e1 para establecer responsabilidades.<\/p>\n","protected":false},"excerpt":{"rendered":"<p>La Procuradur\u00eda General de la Naci\u00f3n formul\u00f3 cargos contra el alcalde de San Luis de Gaceno, Boyac\u00e1, Nelzon<\/p>\n","protected":false},"author":1,"featured_media":39419,"comment_status":"open","ping_status":"open","sticky":false,"template":"","format":"standard","meta":{"om_disable_all_campaigns":false,"_monsterinsights_skip_tracking":false,"_monsterinsights_sitenote_active":false,"_monsterinsights_sitenote_note":"","_monsterinsights_sitenote_category":0,"footnotes":""},"categories":[8],"tags":[10],"class_list":["post-39423","post","type-post","status-publish","format-standard","has-post-thumbnail","hentry","category-judicial","tag-noticias"],"aioseo_notices":[],"_links":{"self":[{"href":"https:\/\/www.boyacaleinforma.com\/index.php?rest_route=\/wp\/v2\/posts\/39423","targetHints":{"allow":["GET"]}}],"collection":[{"href":"https:\/\/www.boyacaleinforma.com\/index.php?rest_route=\/wp\/v2\/posts"}],"about":[{"href":"https:\/\/www.boyacaleinforma.com\/index.php?rest_route=\/wp\/v2\/types\/post"}],"author":[{"embeddable":true,"href":"https:\/\/www.boyacaleinforma.com\/index.php?rest_route=\/wp\/v2\/users\/1"}],"replies":[{"embeddable":true,"href":"https:\/\/www.boyacaleinforma.com\/index.php?rest_route=%2Fwp%2Fv2%2Fcomments&post=39423"}],"version-history":[{"count":0,"href":"https:\/\/www.boyacaleinforma.com\/index.php?rest_route=\/wp\/v2\/posts\/39423\/revisions"}],"wp:featuredmedia":[{"embeddable":true,"href":"https:\/\/www.boyacaleinforma.com\/index.php?rest_route=\/wp\/v2\/media\/39419"}],"wp:attachment":[{"href":"https:\/\/www.boyacaleinforma.com\/index.php?rest_route=%2Fwp%2Fv2%2Fmedia&parent=39423"}],"wp:term":[{"taxonomy":"category","embeddable":true,"href":"https:\/\/www.boyacaleinforma.com\/index.php?rest_route=%2Fwp%2Fv2%2Fcategories&post=39423"},{"taxonomy":"post_tag","embeddable":true,"href":"https:\/\/www.boyacaleinforma.com\/index.php?rest_route=%2Fwp%2Fv2%2Ftags&post=39423"}],"curies":[{"name":"wp","href":"https:\/\/api.w.org\/{rel}","templated":true}]}}