{"id":39425,"date":"2025-12-16T06:25:59","date_gmt":"2025-12-16T11:25:59","guid":{"rendered":"https:\/\/www.boyacaleinforma.com\/?p=39425"},"modified":"2025-12-16T06:36:04","modified_gmt":"2025-12-16T11:36:04","slug":"operativo-militar-frustra-toma-ilegal-de-mina-de-esmeraldas-en-boyaca","status":"publish","type":"post","link":"https:\/\/www.boyacaleinforma.com\/?p=39425","title":{"rendered":"Operativo militar frustra toma ilegal de mina de esmeraldas en Boyac\u00e1"},"content":{"rendered":"\n<p>Un grupo de delincuencia com\u00fan que ingres\u00f3 de manera ilegal a una mina de esmeraldas fue capturado en el municipio de Marip\u00ed, Boyac\u00e1, tras un operativo conjunto de las Fuerzas Militares. Los hechos ocurrieron en la vereda Santa Rosa, dentro del complejo minero Santa Rosa S. A.<br><br>Seg\u00fan las autoridades, los capturados portaban explosivos y armas de corto alcance, y manten\u00edan retenidas arbitrariamente a cerca de 70 personas en una boca mina. La acci\u00f3n fue enfrentada por tropas del Batall\u00f3n de Infanter\u00eda N.\u00b0 2, con apoyo a\u00e9reo de la Fuerza A\u00e9rea Colombiana, que realiz\u00f3 labores de reconocimiento y vigilancia en la zona.<br><br>El despliegue permiti\u00f3 cerrar los corredores de movilidad, neutralizar la acci\u00f3n delictiva y rescatar a todos los trabajadores sin que se registraran afectaciones. Las autoridades se\u00f1alaron que el control del \u00e1rea fue restablecido y que los responsables quedaron a disposici\u00f3n de la justicia.<\/p>\n\n\n\n<figure class=\"wp-block-embed is-type-video is-provider-youtube wp-block-embed-youtube wp-embed-aspect-16-9 wp-has-aspect-ratio\"><div class=\"wp-block-embed__wrapper\">\n<iframe title=\"Operativo militar frustra toma ilegal de mina de esmeraldas en Boyac\u00e1\" width=\"640\" height=\"360\" src=\"https:\/\/www.youtube.com\/embed\/kuUkR8XxTkk?feature=oembed\" frameborder=\"0\" allow=\"accelerometer; autoplay; clipboard-write; encrypted-media; gyroscope; picture-in-picture; web-share\" referrerpolicy=\"strict-origin-when-cross-origin\" allowfullscreen><\/iframe>\n<\/div><\/figure>\n","protected":false},"excerpt":{"rendered":"<p>Un grupo de delincuencia com\u00fan que ingres\u00f3 de manera ilegal a una mina de esmeraldas fue capturado en<\/p>\n","protected":false},"author":1,"featured_media":39421,"comment_status":"open","ping_status":"open","sticky":false,"template":"","format":"standard","meta":{"om_disable_all_campaigns":false,"_monsterinsights_skip_tracking":false,"_monsterinsights_sitenote_active":false,"_monsterinsights_sitenote_note":"","_monsterinsights_sitenote_category":0,"footnotes":""},"categories":[8],"tags":[10],"class_list":["post-39425","post","type-post","status-publish","format-standard","has-post-thumbnail","hentry","category-judicial","tag-noticias"],"aioseo_notices":[],"_links":{"self":[{"href":"https:\/\/www.boyacaleinforma.com\/index.php?rest_route=\/wp\/v2\/posts\/39425","targetHints":{"allow":["GET"]}}],"collection":[{"href":"https:\/\/www.boyacaleinforma.com\/index.php?rest_route=\/wp\/v2\/posts"}],"about":[{"href":"https:\/\/www.boyacaleinforma.com\/index.php?rest_route=\/wp\/v2\/types\/post"}],"author":[{"embeddable":true,"href":"https:\/\/www.boyacaleinforma.com\/index.php?rest_route=\/wp\/v2\/users\/1"}],"replies":[{"embeddable":true,"href":"https:\/\/www.boyacaleinforma.com\/index.php?rest_route=%2Fwp%2Fv2%2Fcomments&post=39425"}],"version-history":[{"count":0,"href":"https:\/\/www.boyacaleinforma.com\/index.php?rest_route=\/wp\/v2\/posts\/39425\/revisions"}],"wp:featuredmedia":[{"embeddable":true,"href":"https:\/\/www.boyacaleinforma.com\/index.php?rest_route=\/wp\/v2\/media\/39421"}],"wp:attachment":[{"href":"https:\/\/www.boyacaleinforma.com\/index.php?rest_route=%2Fwp%2Fv2%2Fmedia&parent=39425"}],"wp:term":[{"taxonomy":"category","embeddable":true,"href":"https:\/\/www.boyacaleinforma.com\/index.php?rest_route=%2Fwp%2Fv2%2Fcategories&post=39425"},{"taxonomy":"post_tag","embeddable":true,"href":"https:\/\/www.boyacaleinforma.com\/index.php?rest_route=%2Fwp%2Fv2%2Ftags&post=39425"}],"curies":[{"name":"wp","href":"https:\/\/api.w.org\/{rel}","templated":true}]}}