{"id":39431,"date":"2025-12-16T06:29:56","date_gmt":"2025-12-16T11:29:56","guid":{"rendered":"https:\/\/www.boyacaleinforma.com\/?p=39431"},"modified":"2025-12-16T06:30:01","modified_gmt":"2025-12-16T11:30:01","slug":"jornada-de-una-luz-por-la-vida-en-boavita","status":"publish","type":"post","link":"https:\/\/www.boyacaleinforma.com\/?p=39431","title":{"rendered":"Jornada de una luz por la vida en Boavita"},"content":{"rendered":"\n<p>Desde la Administraci\u00f3n Municipal de Boavita se unieron de coraz\u00f3n a la significativa jornada Una luz por la vida, una actividad cargada de esperanza, reflexi\u00f3n y compromiso social.<\/p>\n\n\n\n<p>Encienden una vela como s\u00edmbolo de vida, de respeto por cada ser humano y de uni\u00f3n frente a las problem\u00e1ticas que afectan a la comunidad. Esta luz representa el anhelo de una sociedad m\u00e1s justa, emp\u00e1tica y libre de violencia.<\/p>\n\n\n\n<p>Que cada llama encendida sea una voz que clama por la paz.<\/p>\n\n\n\n<p>Que cada gesto solidario nos acerque al bienestar colectivo.<\/p>\n\n\n\n<p>Que juntos podamos seguir iluminando caminos de vida y esperanza.<\/p>\n","protected":false},"excerpt":{"rendered":"<p>Desde la Administraci\u00f3n Municipal de Boavita se unieron de coraz\u00f3n a la significativa jornada Una luz por la<\/p>\n","protected":false},"author":1,"featured_media":39432,"comment_status":"open","ping_status":"open","sticky":false,"template":"","format":"standard","meta":{"om_disable_all_campaigns":false,"_monsterinsights_skip_tracking":false,"_monsterinsights_sitenote_active":false,"_monsterinsights_sitenote_note":"","_monsterinsights_sitenote_category":0,"footnotes":""},"categories":[1],"tags":[],"class_list":["post-39431","post","type-post","status-publish","format-standard","has-post-thumbnail","hentry","category-uncategorized"],"aioseo_notices":[],"_links":{"self":[{"href":"https:\/\/www.boyacaleinforma.com\/index.php?rest_route=\/wp\/v2\/posts\/39431","targetHints":{"allow":["GET"]}}],"collection":[{"href":"https:\/\/www.boyacaleinforma.com\/index.php?rest_route=\/wp\/v2\/posts"}],"about":[{"href":"https:\/\/www.boyacaleinforma.com\/index.php?rest_route=\/wp\/v2\/types\/post"}],"author":[{"embeddable":true,"href":"https:\/\/www.boyacaleinforma.com\/index.php?rest_route=\/wp\/v2\/users\/1"}],"replies":[{"embeddable":true,"href":"https:\/\/www.boyacaleinforma.com\/index.php?rest_route=%2Fwp%2Fv2%2Fcomments&post=39431"}],"version-history":[{"count":0,"href":"https:\/\/www.boyacaleinforma.com\/index.php?rest_route=\/wp\/v2\/posts\/39431\/revisions"}],"wp:featuredmedia":[{"embeddable":true,"href":"https:\/\/www.boyacaleinforma.com\/index.php?rest_route=\/wp\/v2\/media\/39432"}],"wp:attachment":[{"href":"https:\/\/www.boyacaleinforma.com\/index.php?rest_route=%2Fwp%2Fv2%2Fmedia&parent=39431"}],"wp:term":[{"taxonomy":"category","embeddable":true,"href":"https:\/\/www.boyacaleinforma.com\/index.php?rest_route=%2Fwp%2Fv2%2Fcategories&post=39431"},{"taxonomy":"post_tag","embeddable":true,"href":"https:\/\/www.boyacaleinforma.com\/index.php?rest_route=%2Fwp%2Fv2%2Ftags&post=39431"}],"curies":[{"name":"wp","href":"https:\/\/api.w.org\/{rel}","templated":true}]}}