{"id":39443,"date":"2025-12-16T06:32:49","date_gmt":"2025-12-16T11:32:49","guid":{"rendered":"https:\/\/www.boyacaleinforma.com\/?p=39443"},"modified":"2025-12-16T06:32:54","modified_gmt":"2025-12-16T11:32:54","slug":"atencion-poblacion-victima-del-conflicto-armado-del-municipio-de-chitaraque","status":"publish","type":"post","link":"https:\/\/www.boyacaleinforma.com\/?p=39443","title":{"rendered":"Atenci\u00f3n poblaci\u00f3n v\u00edctima del conflicto armado del municipio de Chitaraque"},"content":{"rendered":"\n<p>Atenci\u00f3n poblaci\u00f3n v\u00edctima del conflicto armado del municipio de Chitaraque:<\/p>\n\n\n\n<p>La Administraci\u00f3n Municipal los invita a participar en la Carpeta de Est\u00edmulos \u201cFortaleciendo Sue\u00f1os de Paz 2025\u201d, acci\u00f3n que nace como parte del compromiso del Departamento de Boyac\u00e1.<\/p>\n\n\n\n<p>Los principales objetivos de este proceso son:<\/p>\n\n\n\n<p>Brindar acceso a capital semilla, a iniciativas productivas lideradas por poblaci\u00f3n v\u00edctima del conflicto armado en Boyac\u00e1, con el fin de fortalecer su sostenibilidad y crecimiento.<\/p>\n\n\n\n<p>Identificar las principales necesidades, intereses y potencialidades de emprendimiento de la poblaci\u00f3n v\u00edctima del conflicto armado en el Departamento de Boyac\u00e1.<\/p>\n","protected":false},"excerpt":{"rendered":"<p>Atenci\u00f3n poblaci\u00f3n v\u00edctima del conflicto armado del municipio de Chitaraque: La Administraci\u00f3n Municipal los invita a participar en<\/p>\n","protected":false},"author":1,"featured_media":39435,"comment_status":"open","ping_status":"open","sticky":false,"template":"","format":"standard","meta":{"om_disable_all_campaigns":false,"_monsterinsights_skip_tracking":false,"_monsterinsights_sitenote_active":false,"_monsterinsights_sitenote_note":"","_monsterinsights_sitenote_category":0,"footnotes":""},"categories":[1],"tags":[],"class_list":["post-39443","post","type-post","status-publish","format-standard","has-post-thumbnail","hentry","category-uncategorized"],"aioseo_notices":[],"_links":{"self":[{"href":"https:\/\/www.boyacaleinforma.com\/index.php?rest_route=\/wp\/v2\/posts\/39443","targetHints":{"allow":["GET"]}}],"collection":[{"href":"https:\/\/www.boyacaleinforma.com\/index.php?rest_route=\/wp\/v2\/posts"}],"about":[{"href":"https:\/\/www.boyacaleinforma.com\/index.php?rest_route=\/wp\/v2\/types\/post"}],"author":[{"embeddable":true,"href":"https:\/\/www.boyacaleinforma.com\/index.php?rest_route=\/wp\/v2\/users\/1"}],"replies":[{"embeddable":true,"href":"https:\/\/www.boyacaleinforma.com\/index.php?rest_route=%2Fwp%2Fv2%2Fcomments&post=39443"}],"version-history":[{"count":0,"href":"https:\/\/www.boyacaleinforma.com\/index.php?rest_route=\/wp\/v2\/posts\/39443\/revisions"}],"wp:featuredmedia":[{"embeddable":true,"href":"https:\/\/www.boyacaleinforma.com\/index.php?rest_route=\/wp\/v2\/media\/39435"}],"wp:attachment":[{"href":"https:\/\/www.boyacaleinforma.com\/index.php?rest_route=%2Fwp%2Fv2%2Fmedia&parent=39443"}],"wp:term":[{"taxonomy":"category","embeddable":true,"href":"https:\/\/www.boyacaleinforma.com\/index.php?rest_route=%2Fwp%2Fv2%2Fcategories&post=39443"},{"taxonomy":"post_tag","embeddable":true,"href":"https:\/\/www.boyacaleinforma.com\/index.php?rest_route=%2Fwp%2Fv2%2Ftags&post=39443"}],"curies":[{"name":"wp","href":"https:\/\/api.w.org\/{rel}","templated":true}]}}