{"id":39524,"date":"2025-12-17T09:49:20","date_gmt":"2025-12-17T14:49:20","guid":{"rendered":"https:\/\/www.boyacaleinforma.com\/?p=39524"},"modified":"2025-12-17T09:49:26","modified_gmt":"2025-12-17T14:49:26","slug":"politica-de-tratamiento-de-datos-personales-en-cubara","status":"publish","type":"post","link":"https:\/\/www.boyacaleinforma.com\/?p=39524","title":{"rendered":"Pol\u00edtica de Tratamiento de Datos Personales en Cubar\u00e1"},"content":{"rendered":"\n<p>Informan a la comunidad Cubarense que en cumplimiento de la Ley 1581 de 2012 y la Resoluci\u00f3n 0220 del 11 de junio de 2025, se ha implementado la Pol\u00edtica de Tratamiento de Datos Personales, la cual es de obligatorio cumplimiento para quienes manejen informaci\u00f3n personal en el marco de sus funciones o tr\u00e1mites con el municipio, con el objetivo de garantizar la protecci\u00f3n, privacidad y uso responsable de los datos, reafirmando nuestro compromiso con la confidencialidad, el uso autorizado de la informaci\u00f3n y la defensa de los derechos de los titulares, como la consulta, rectificaci\u00f3n o supresi\u00f3n de sus datos.<\/p>\n","protected":false},"excerpt":{"rendered":"<p>Informan a la comunidad Cubarense que en cumplimiento de la Ley 1581 de 2012 y la Resoluci\u00f3n 0220<\/p>\n","protected":false},"author":1,"featured_media":39520,"comment_status":"open","ping_status":"open","sticky":false,"template":"","format":"standard","meta":{"om_disable_all_campaigns":false,"_monsterinsights_skip_tracking":false,"_monsterinsights_sitenote_active":false,"_monsterinsights_sitenote_note":"","_monsterinsights_sitenote_category":0,"footnotes":""},"categories":[1],"tags":[],"class_list":["post-39524","post","type-post","status-publish","format-standard","has-post-thumbnail","hentry","category-uncategorized"],"aioseo_notices":[],"_links":{"self":[{"href":"https:\/\/www.boyacaleinforma.com\/index.php?rest_route=\/wp\/v2\/posts\/39524","targetHints":{"allow":["GET"]}}],"collection":[{"href":"https:\/\/www.boyacaleinforma.com\/index.php?rest_route=\/wp\/v2\/posts"}],"about":[{"href":"https:\/\/www.boyacaleinforma.com\/index.php?rest_route=\/wp\/v2\/types\/post"}],"author":[{"embeddable":true,"href":"https:\/\/www.boyacaleinforma.com\/index.php?rest_route=\/wp\/v2\/users\/1"}],"replies":[{"embeddable":true,"href":"https:\/\/www.boyacaleinforma.com\/index.php?rest_route=%2Fwp%2Fv2%2Fcomments&post=39524"}],"version-history":[{"count":0,"href":"https:\/\/www.boyacaleinforma.com\/index.php?rest_route=\/wp\/v2\/posts\/39524\/revisions"}],"wp:featuredmedia":[{"embeddable":true,"href":"https:\/\/www.boyacaleinforma.com\/index.php?rest_route=\/wp\/v2\/media\/39520"}],"wp:attachment":[{"href":"https:\/\/www.boyacaleinforma.com\/index.php?rest_route=%2Fwp%2Fv2%2Fmedia&parent=39524"}],"wp:term":[{"taxonomy":"category","embeddable":true,"href":"https:\/\/www.boyacaleinforma.com\/index.php?rest_route=%2Fwp%2Fv2%2Fcategories&post=39524"},{"taxonomy":"post_tag","embeddable":true,"href":"https:\/\/www.boyacaleinforma.com\/index.php?rest_route=%2Fwp%2Fv2%2Ftags&post=39524"}],"curies":[{"name":"wp","href":"https:\/\/api.w.org\/{rel}","templated":true}]}}