{"id":39532,"date":"2025-12-17T09:57:07","date_gmt":"2025-12-17T14:57:07","guid":{"rendered":"https:\/\/www.boyacaleinforma.com\/?p=39532"},"modified":"2025-12-17T10:06:36","modified_gmt":"2025-12-17T15:06:36","slug":"construccion-ilegal-cerca-a-fuente-hidrica-desata-sanciones-en-villa-de-leyva","status":"publish","type":"post","link":"https:\/\/www.boyacaleinforma.com\/?p=39532","title":{"rendered":"Construcci\u00f3n ilegal cerca a fuente h\u00eddrica desata sanciones en Villa de Leyva"},"content":{"rendered":"\n<p>Un fallo judicial determin\u00f3 que el Municipio de Villa de Leyva, la Corporaci\u00f3n Ambiental y una particular vulneraron derechos colectivos al autorizar y ejecutar una construcci\u00f3n de vivienda en inmediaciones de una fuente h\u00eddrica, afectando su curso natural y el aprovechamiento del agua.<\/p>\n\n\n\n<p>La decisi\u00f3n se origin\u00f3 en una acci\u00f3n popular interpuesta por un miembro de la Junta de Acci\u00f3n Comunal del barrio San Francisco, quien denunci\u00f3 que la licencia de construcci\u00f3n otorgada en 2016 permiti\u00f3 intervenir un predio donde exist\u00eda un nacimiento de agua y un lago, sin respetar la normativa ambiental vigente.<\/p>\n\n\n\n<p>En primera instancia, un juzgado de Tunja ampar\u00f3 derechos como el goce de un ambiente sano, la protecci\u00f3n de los recursos naturales y el uso adecuado de bienes p\u00fablicos. El fallo orden\u00f3 medidas para proteger el cuerpo de agua, restituir su ronda h\u00eddrica, evaluar la posible demolici\u00f3n de la edificaci\u00f3n y adelantar procesos sancionatorios ambientales.<\/p>\n\n\n\n<p>El Tribunal Administrativo de Boyac\u00e1 confirm\u00f3 la sentencia, al evidenciar que la construcci\u00f3n afect\u00f3 una franja de protecci\u00f3n ambiental y que se alter\u00f3 el curso de aguas de escorrent\u00eda. Adem\u00e1s, se\u00f1al\u00f3 graves irregularidades en la expedici\u00f3n de la licencia, otorgada sin concepto previo de la autoridad ambiental.<\/p>\n\n\n\n<p>La providencia tambi\u00e9n orden\u00f3 remitir copias a la Procuradur\u00eda para investigar posibles responsabilidades disciplinarias, dejando claro que la protecci\u00f3n del medio ambiente prima sobre cualquier autorizaci\u00f3n urban\u00edstica mal otorgada.<\/p>\n","protected":false},"excerpt":{"rendered":"<p>Un fallo judicial determin\u00f3 que el Municipio de Villa de Leyva, la Corporaci\u00f3n Ambiental y una particular vulneraron<\/p>\n","protected":false},"author":1,"featured_media":39534,"comment_status":"open","ping_status":"open","sticky":false,"template":"","format":"standard","meta":{"om_disable_all_campaigns":false,"_monsterinsights_skip_tracking":false,"_monsterinsights_sitenote_active":false,"_monsterinsights_sitenote_note":"","_monsterinsights_sitenote_category":0,"footnotes":""},"categories":[8],"tags":[10],"class_list":["post-39532","post","type-post","status-publish","format-standard","has-post-thumbnail","hentry","category-judicial","tag-noticias"],"aioseo_notices":[],"_links":{"self":[{"href":"https:\/\/www.boyacaleinforma.com\/index.php?rest_route=\/wp\/v2\/posts\/39532","targetHints":{"allow":["GET"]}}],"collection":[{"href":"https:\/\/www.boyacaleinforma.com\/index.php?rest_route=\/wp\/v2\/posts"}],"about":[{"href":"https:\/\/www.boyacaleinforma.com\/index.php?rest_route=\/wp\/v2\/types\/post"}],"author":[{"embeddable":true,"href":"https:\/\/www.boyacaleinforma.com\/index.php?rest_route=\/wp\/v2\/users\/1"}],"replies":[{"embeddable":true,"href":"https:\/\/www.boyacaleinforma.com\/index.php?rest_route=%2Fwp%2Fv2%2Fcomments&post=39532"}],"version-history":[{"count":0,"href":"https:\/\/www.boyacaleinforma.com\/index.php?rest_route=\/wp\/v2\/posts\/39532\/revisions"}],"wp:featuredmedia":[{"embeddable":true,"href":"https:\/\/www.boyacaleinforma.com\/index.php?rest_route=\/wp\/v2\/media\/39534"}],"wp:attachment":[{"href":"https:\/\/www.boyacaleinforma.com\/index.php?rest_route=%2Fwp%2Fv2%2Fmedia&parent=39532"}],"wp:term":[{"taxonomy":"category","embeddable":true,"href":"https:\/\/www.boyacaleinforma.com\/index.php?rest_route=%2Fwp%2Fv2%2Fcategories&post=39532"},{"taxonomy":"post_tag","embeddable":true,"href":"https:\/\/www.boyacaleinforma.com\/index.php?rest_route=%2Fwp%2Fv2%2Ftags&post=39532"}],"curies":[{"name":"wp","href":"https:\/\/api.w.org\/{rel}","templated":true}]}}