{"id":39617,"date":"2025-12-18T09:59:11","date_gmt":"2025-12-18T14:59:11","guid":{"rendered":"https:\/\/www.boyacaleinforma.com\/?p=39617"},"modified":"2025-12-18T10:13:54","modified_gmt":"2025-12-18T15:13:54","slug":"tunja-le-da-via-libre-a-la-movilidad-en-temporada-decembrina","status":"publish","type":"post","link":"https:\/\/www.boyacaleinforma.com\/?p=39617","title":{"rendered":"Tunja le da v\u00eda libre a la movilidad en temporada decembrina"},"content":{"rendered":"\n<p>Tunja empez\u00f3 esta semana sin pico y placa para veh\u00edculos particulares. La medida, que rige desde el pasado lunes 15 de diciembre, se mantiene vigente hasta el 12 de enero de 2026 con el prop\u00f3sito de facilitar la movilidad de propios y visitantes durante las fiestas de fin de a\u00f1o y el inicio del nuevo calendario.<br><br>La suspensi\u00f3n qued\u00f3 oficializada mediante el Decreto 0579 del 11 de diciembre de 2025, con el cual la Alcald\u00eda levant\u00f3 temporalmente la restricci\u00f3n vehicular en todo el per\u00edmetro urbano de la capital boyacense. La decisi\u00f3n busca dinamizar el tr\u00e1nsito y apoyar las actividades comerciales y tur\u00edsticas propias de la temporada.<br><br>Mientras tanto, la administraci\u00f3n municipal aclara que en Tunja no se implementar\u00e1 prima navide\u00f1a para el gremio de taxistas, aunque actualmente se eval\u00faan las tarifas del transporte p\u00fablico y el esquema de pico y placa que podr\u00eda regir en 2026.<br><br>En paralelo, las autoridades intensifican controles viales, pruebas de alcoholemia y campa\u00f1as preventivas, ante el seguimiento especial de la Agencia Nacional de Seguridad Vial por el aumento de la accidentalidad. El llamado es claro: disfrutar de las vacaciones con responsabilidad y priorizar la seguridad en las v\u00edas.<\/p>\n","protected":false},"excerpt":{"rendered":"<p>Tunja empez\u00f3 esta semana sin pico y placa para veh\u00edculos particulares. La medida, que rige desde el pasado<\/p>\n","protected":false},"author":1,"featured_media":39613,"comment_status":"open","ping_status":"open","sticky":false,"template":"","format":"standard","meta":{"om_disable_all_campaigns":false,"_monsterinsights_skip_tracking":false,"_monsterinsights_sitenote_active":false,"_monsterinsights_sitenote_note":"","_monsterinsights_sitenote_category":0,"footnotes":""},"categories":[6],"tags":[10],"class_list":["post-39617","post","type-post","status-publish","format-standard","has-post-thumbnail","hentry","category-tunja","tag-noticias"],"aioseo_notices":[],"_links":{"self":[{"href":"https:\/\/www.boyacaleinforma.com\/index.php?rest_route=\/wp\/v2\/posts\/39617","targetHints":{"allow":["GET"]}}],"collection":[{"href":"https:\/\/www.boyacaleinforma.com\/index.php?rest_route=\/wp\/v2\/posts"}],"about":[{"href":"https:\/\/www.boyacaleinforma.com\/index.php?rest_route=\/wp\/v2\/types\/post"}],"author":[{"embeddable":true,"href":"https:\/\/www.boyacaleinforma.com\/index.php?rest_route=\/wp\/v2\/users\/1"}],"replies":[{"embeddable":true,"href":"https:\/\/www.boyacaleinforma.com\/index.php?rest_route=%2Fwp%2Fv2%2Fcomments&post=39617"}],"version-history":[{"count":0,"href":"https:\/\/www.boyacaleinforma.com\/index.php?rest_route=\/wp\/v2\/posts\/39617\/revisions"}],"wp:featuredmedia":[{"embeddable":true,"href":"https:\/\/www.boyacaleinforma.com\/index.php?rest_route=\/wp\/v2\/media\/39613"}],"wp:attachment":[{"href":"https:\/\/www.boyacaleinforma.com\/index.php?rest_route=%2Fwp%2Fv2%2Fmedia&parent=39617"}],"wp:term":[{"taxonomy":"category","embeddable":true,"href":"https:\/\/www.boyacaleinforma.com\/index.php?rest_route=%2Fwp%2Fv2%2Fcategories&post=39617"},{"taxonomy":"post_tag","embeddable":true,"href":"https:\/\/www.boyacaleinforma.com\/index.php?rest_route=%2Fwp%2Fv2%2Ftags&post=39617"}],"curies":[{"name":"wp","href":"https:\/\/api.w.org\/{rel}","templated":true}]}}