{"id":39619,"date":"2025-12-18T10:00:17","date_gmt":"2025-12-18T15:00:17","guid":{"rendered":"https:\/\/www.boyacaleinforma.com\/?p=39619"},"modified":"2025-12-18T10:13:42","modified_gmt":"2025-12-18T15:13:42","slug":"boyaca-da-un-paso-historico-por-la-diversidad-y-la-inclusion","status":"publish","type":"post","link":"https:\/\/www.boyacaleinforma.com\/?p=39619","title":{"rendered":"Boyac\u00e1 da un paso hist\u00f3rico por la diversidad y la inclusi\u00f3n"},"content":{"rendered":"\n<p>La Asamblea Departamental de Boyac\u00e1 aprueba por unanimidad la pol\u00edtica p\u00fablica para la poblaci\u00f3n sexualmente diversa OSIEGD-LGBTIQ+, una ordenanza que busca garantizar el ejercicio pleno de los derechos humanos y cerrar brechas hist\u00f3ricas de exclusi\u00f3n en el departamento.<br><br>La iniciativa, conformada por 33 art\u00edculos, es construida t\u00e9cnicamente por la Universidad Pedag\u00f3gica y Tecnol\u00f3gica de Colombia (UPTC) junto a la Secretar\u00eda de Integraci\u00f3n Social, y se sustenta en marcos normativos nacionales e internacionales. El documento plantea una articulaci\u00f3n interinstitucional para mejorar la atenci\u00f3n, protecci\u00f3n y garant\u00eda de derechos, incorporando enfoques de interseccionalidad e intersectorialidad.<br><br>Entre los principales retos se identifica el subregistro de informaci\u00f3n estad\u00edstica sobre esta poblaci\u00f3n, por lo que la pol\u00edtica contempla una caracterizaci\u00f3n departamental que permita focalizar acciones y recursos. Aunque se expresan preocupaciones por la limitada asignaci\u00f3n inicial en vivienda, la ordenanza deja abierta la posibilidad de fortalecer la inversi\u00f3n seg\u00fan la capacidad fiscal.<br><br>Con esta aprobaci\u00f3n, Boyac\u00e1 entra en la fase de ejecuci\u00f3n de una pol\u00edtica que recoge m\u00e1s de una d\u00e9cada de trabajo de colectivos y activistas, y que busca consolidar una cultura de respeto, inclusi\u00f3n y reconocimiento de la diversidad como base de la democracia.<\/p>\n","protected":false},"excerpt":{"rendered":"<p>La Asamblea Departamental de Boyac\u00e1 aprueba por unanimidad la pol\u00edtica p\u00fablica para la poblaci\u00f3n sexualmente diversa OSIEGD-LGBTIQ+, una<\/p>\n","protected":false},"author":1,"featured_media":39614,"comment_status":"open","ping_status":"open","sticky":false,"template":"","format":"standard","meta":{"om_disable_all_campaigns":false,"_monsterinsights_skip_tracking":false,"_monsterinsights_sitenote_active":false,"_monsterinsights_sitenote_note":"","_monsterinsights_sitenote_category":0,"footnotes":""},"categories":[5],"tags":[10],"class_list":["post-39619","post","type-post","status-publish","format-standard","has-post-thumbnail","hentry","category-boyaca","tag-noticias"],"aioseo_notices":[],"_links":{"self":[{"href":"https:\/\/www.boyacaleinforma.com\/index.php?rest_route=\/wp\/v2\/posts\/39619","targetHints":{"allow":["GET"]}}],"collection":[{"href":"https:\/\/www.boyacaleinforma.com\/index.php?rest_route=\/wp\/v2\/posts"}],"about":[{"href":"https:\/\/www.boyacaleinforma.com\/index.php?rest_route=\/wp\/v2\/types\/post"}],"author":[{"embeddable":true,"href":"https:\/\/www.boyacaleinforma.com\/index.php?rest_route=\/wp\/v2\/users\/1"}],"replies":[{"embeddable":true,"href":"https:\/\/www.boyacaleinforma.com\/index.php?rest_route=%2Fwp%2Fv2%2Fcomments&post=39619"}],"version-history":[{"count":0,"href":"https:\/\/www.boyacaleinforma.com\/index.php?rest_route=\/wp\/v2\/posts\/39619\/revisions"}],"wp:featuredmedia":[{"embeddable":true,"href":"https:\/\/www.boyacaleinforma.com\/index.php?rest_route=\/wp\/v2\/media\/39614"}],"wp:attachment":[{"href":"https:\/\/www.boyacaleinforma.com\/index.php?rest_route=%2Fwp%2Fv2%2Fmedia&parent=39619"}],"wp:term":[{"taxonomy":"category","embeddable":true,"href":"https:\/\/www.boyacaleinforma.com\/index.php?rest_route=%2Fwp%2Fv2%2Fcategories&post=39619"},{"taxonomy":"post_tag","embeddable":true,"href":"https:\/\/www.boyacaleinforma.com\/index.php?rest_route=%2Fwp%2Fv2%2Ftags&post=39619"}],"curies":[{"name":"wp","href":"https:\/\/api.w.org\/{rel}","templated":true}]}}