{"id":39621,"date":"2025-12-18T10:01:23","date_gmt":"2025-12-18T15:01:23","guid":{"rendered":"https:\/\/www.boyacaleinforma.com\/?p=39621"},"modified":"2025-12-18T10:13:29","modified_gmt":"2025-12-18T15:13:29","slug":"cruzando-fronteras-ampliando-horizontes-la-movilidad-que-transforma-en-la-uptc","status":"publish","type":"post","link":"https:\/\/www.boyacaleinforma.com\/?p=39621","title":{"rendered":"Cruzando fronteras, ampliando horizontes: la movilidad que transforma en la UPTC"},"content":{"rendered":"\n<p>La Universidad Pedag\u00f3gica y Tecnol\u00f3gica de Colombia pone en primer plano las vivencias de la movilidad acad\u00e9mica con \u201cCruzando Fronteras: Historias de Intercambio\u201d, un espacio en el que 37 estudiantes de distintos programas comparten c\u00f3mo sus experiencias nacionales e internacionales marcaron su formaci\u00f3n durante el semestre 2025-1.<br><br>La estrategia, liderada por la Direcci\u00f3n de Relaciones Internacionales, visibiliza el impacto de la internacionalizaci\u00f3n en la vida acad\u00e9mica y personal de los upetecistas, destacando el acompa\u00f1amiento institucional que hace posible estos procesos. Los relatos coinciden en que el intercambio no solo fortalece conocimientos, sino que ampl\u00eda visiones y reta a los estudiantes a crecer dentro y fuera del aula.<br><br>Con esta iniciativa, la UPTC reafirma su apuesta por una formaci\u00f3n integral y anuncia que en enero de 2026 abrir\u00e1 una nueva convocatoria para que m\u00e1s estudiantes se animen a explorar nuevos contextos acad\u00e9micos y culturales.<\/p>\n","protected":false},"excerpt":{"rendered":"<p>La Universidad Pedag\u00f3gica y Tecnol\u00f3gica de Colombia pone en primer plano las vivencias de la movilidad acad\u00e9mica con<\/p>\n","protected":false},"author":1,"featured_media":39615,"comment_status":"open","ping_status":"open","sticky":false,"template":"","format":"standard","meta":{"om_disable_all_campaigns":false,"_monsterinsights_skip_tracking":false,"_monsterinsights_sitenote_active":false,"_monsterinsights_sitenote_note":"","_monsterinsights_sitenote_category":0,"footnotes":""},"categories":[5],"tags":[10],"class_list":["post-39621","post","type-post","status-publish","format-standard","has-post-thumbnail","hentry","category-boyaca","tag-noticias"],"aioseo_notices":[],"_links":{"self":[{"href":"https:\/\/www.boyacaleinforma.com\/index.php?rest_route=\/wp\/v2\/posts\/39621","targetHints":{"allow":["GET"]}}],"collection":[{"href":"https:\/\/www.boyacaleinforma.com\/index.php?rest_route=\/wp\/v2\/posts"}],"about":[{"href":"https:\/\/www.boyacaleinforma.com\/index.php?rest_route=\/wp\/v2\/types\/post"}],"author":[{"embeddable":true,"href":"https:\/\/www.boyacaleinforma.com\/index.php?rest_route=\/wp\/v2\/users\/1"}],"replies":[{"embeddable":true,"href":"https:\/\/www.boyacaleinforma.com\/index.php?rest_route=%2Fwp%2Fv2%2Fcomments&post=39621"}],"version-history":[{"count":0,"href":"https:\/\/www.boyacaleinforma.com\/index.php?rest_route=\/wp\/v2\/posts\/39621\/revisions"}],"wp:featuredmedia":[{"embeddable":true,"href":"https:\/\/www.boyacaleinforma.com\/index.php?rest_route=\/wp\/v2\/media\/39615"}],"wp:attachment":[{"href":"https:\/\/www.boyacaleinforma.com\/index.php?rest_route=%2Fwp%2Fv2%2Fmedia&parent=39621"}],"wp:term":[{"taxonomy":"category","embeddable":true,"href":"https:\/\/www.boyacaleinforma.com\/index.php?rest_route=%2Fwp%2Fv2%2Fcategories&post=39621"},{"taxonomy":"post_tag","embeddable":true,"href":"https:\/\/www.boyacaleinforma.com\/index.php?rest_route=%2Fwp%2Fv2%2Ftags&post=39621"}],"curies":[{"name":"wp","href":"https:\/\/api.w.org\/{rel}","templated":true}]}}