{"id":39641,"date":"2025-12-18T10:09:40","date_gmt":"2025-12-18T15:09:40","guid":{"rendered":"https:\/\/www.boyacaleinforma.com\/?p=39641"},"modified":"2025-12-18T10:09:46","modified_gmt":"2025-12-18T15:09:46","slug":"jornada-de-siembra-de-arboles-con-el-fin-de-embellecer-las-zonas-verdes-de-corrales","status":"publish","type":"post","link":"https:\/\/www.boyacaleinforma.com\/?p=39641","title":{"rendered":"Jornada de siembra de \u00e1rboles, con el fin de embellecer las zonas verdes de Corrales"},"content":{"rendered":"\n<p>Con la colaboraci\u00f3n de personal de la Administraci\u00f3n Municipal y la comunidad de los barrios Los Girasoles y Las Orqu\u00eddeas, se llev\u00f3 a cabo, jornada de siembra de \u00e1rboles, con el fin de embellecer las zonas verdes incentivando la participaci\u00f3n de la comunidad a estos espacios con la naturaleza para aunar esfuerzos para el cuidado y protecci\u00f3n de las especies de flora sembradas.<\/p>\n\n\n\n<p>Agradecimiento especial a los que participaron de estas dos jornadas e invitarlos a que se sigan uniendo a dichas actividades.<\/p>\n","protected":false},"excerpt":{"rendered":"<p>Con la colaboraci\u00f3n de personal de la Administraci\u00f3n Municipal y la comunidad de los barrios Los Girasoles y<\/p>\n","protected":false},"author":1,"featured_media":39630,"comment_status":"open","ping_status":"open","sticky":false,"template":"","format":"standard","meta":{"om_disable_all_campaigns":false,"_monsterinsights_skip_tracking":false,"_monsterinsights_sitenote_active":false,"_monsterinsights_sitenote_note":"","_monsterinsights_sitenote_category":0,"footnotes":""},"categories":[1],"tags":[],"class_list":["post-39641","post","type-post","status-publish","format-standard","has-post-thumbnail","hentry","category-uncategorized"],"aioseo_notices":[],"_links":{"self":[{"href":"https:\/\/www.boyacaleinforma.com\/index.php?rest_route=\/wp\/v2\/posts\/39641","targetHints":{"allow":["GET"]}}],"collection":[{"href":"https:\/\/www.boyacaleinforma.com\/index.php?rest_route=\/wp\/v2\/posts"}],"about":[{"href":"https:\/\/www.boyacaleinforma.com\/index.php?rest_route=\/wp\/v2\/types\/post"}],"author":[{"embeddable":true,"href":"https:\/\/www.boyacaleinforma.com\/index.php?rest_route=\/wp\/v2\/users\/1"}],"replies":[{"embeddable":true,"href":"https:\/\/www.boyacaleinforma.com\/index.php?rest_route=%2Fwp%2Fv2%2Fcomments&post=39641"}],"version-history":[{"count":0,"href":"https:\/\/www.boyacaleinforma.com\/index.php?rest_route=\/wp\/v2\/posts\/39641\/revisions"}],"wp:featuredmedia":[{"embeddable":true,"href":"https:\/\/www.boyacaleinforma.com\/index.php?rest_route=\/wp\/v2\/media\/39630"}],"wp:attachment":[{"href":"https:\/\/www.boyacaleinforma.com\/index.php?rest_route=%2Fwp%2Fv2%2Fmedia&parent=39641"}],"wp:term":[{"taxonomy":"category","embeddable":true,"href":"https:\/\/www.boyacaleinforma.com\/index.php?rest_route=%2Fwp%2Fv2%2Fcategories&post=39641"},{"taxonomy":"post_tag","embeddable":true,"href":"https:\/\/www.boyacaleinforma.com\/index.php?rest_route=%2Fwp%2Fv2%2Ftags&post=39641"}],"curies":[{"name":"wp","href":"https:\/\/api.w.org\/{rel}","templated":true}]}}