{"id":39653,"date":"2025-12-18T23:16:52","date_gmt":"2025-12-19T04:16:52","guid":{"rendered":"https:\/\/www.boyacaleinforma.com\/?p=39653"},"modified":"2025-12-18T23:16:57","modified_gmt":"2025-12-19T04:16:57","slug":"fortalecimiento-cuerpo-de-bomberos-del-municipio-de-cubara","status":"publish","type":"post","link":"https:\/\/www.boyacaleinforma.com\/?p=39653","title":{"rendered":"Fortalecimiento Cuerpo de Bomberos del municipio de Cubar\u00e1"},"content":{"rendered":"\n<p>El equipo de Bomberos de Cubar\u00e1 aprendiendo, creciendo y sirviendo con pasi\u00f3n<\/p>\n\n\n\n<p>Siguen fortaleciendo las capacidades en gesti\u00f3n del riesgo y respuesta ante emergencias. En una intensa jornada de formaci\u00f3n, el grupo de bomberos voluntarios particip\u00f3 en clases pr\u00e1cticas orientadas al rescate acu\u00e1tico, incendios de cobertura vegetal, fundamentos de materiales peligrosos (MATPEL), cuerdas y nudos, rescate y operaciones con cuerdas, apoyo t\u00e9cnico en operaciones de extracci\u00f3n de veh\u00edculos, e incendios con l\u00edquidos combustibles e inflamables, enfrentando escenarios reales bajo condiciones controladas.<\/p>\n","protected":false},"excerpt":{"rendered":"<p>El equipo de Bomberos de Cubar\u00e1 aprendiendo, creciendo y sirviendo con pasi\u00f3n Siguen fortaleciendo las capacidades en gesti\u00f3n<\/p>\n","protected":false},"author":1,"featured_media":39648,"comment_status":"open","ping_status":"open","sticky":false,"template":"","format":"standard","meta":{"om_disable_all_campaigns":false,"_monsterinsights_skip_tracking":false,"_monsterinsights_sitenote_active":false,"_monsterinsights_sitenote_note":"","_monsterinsights_sitenote_category":0,"footnotes":""},"categories":[1],"tags":[],"class_list":["post-39653","post","type-post","status-publish","format-standard","has-post-thumbnail","hentry","category-uncategorized"],"aioseo_notices":[],"_links":{"self":[{"href":"https:\/\/www.boyacaleinforma.com\/index.php?rest_route=\/wp\/v2\/posts\/39653","targetHints":{"allow":["GET"]}}],"collection":[{"href":"https:\/\/www.boyacaleinforma.com\/index.php?rest_route=\/wp\/v2\/posts"}],"about":[{"href":"https:\/\/www.boyacaleinforma.com\/index.php?rest_route=\/wp\/v2\/types\/post"}],"author":[{"embeddable":true,"href":"https:\/\/www.boyacaleinforma.com\/index.php?rest_route=\/wp\/v2\/users\/1"}],"replies":[{"embeddable":true,"href":"https:\/\/www.boyacaleinforma.com\/index.php?rest_route=%2Fwp%2Fv2%2Fcomments&post=39653"}],"version-history":[{"count":0,"href":"https:\/\/www.boyacaleinforma.com\/index.php?rest_route=\/wp\/v2\/posts\/39653\/revisions"}],"wp:featuredmedia":[{"embeddable":true,"href":"https:\/\/www.boyacaleinforma.com\/index.php?rest_route=\/wp\/v2\/media\/39648"}],"wp:attachment":[{"href":"https:\/\/www.boyacaleinforma.com\/index.php?rest_route=%2Fwp%2Fv2%2Fmedia&parent=39653"}],"wp:term":[{"taxonomy":"category","embeddable":true,"href":"https:\/\/www.boyacaleinforma.com\/index.php?rest_route=%2Fwp%2Fv2%2Fcategories&post=39653"},{"taxonomy":"post_tag","embeddable":true,"href":"https:\/\/www.boyacaleinforma.com\/index.php?rest_route=%2Fwp%2Fv2%2Ftags&post=39653"}],"curies":[{"name":"wp","href":"https:\/\/api.w.org\/{rel}","templated":true}]}}