{"id":39661,"date":"2025-12-18T23:21:11","date_gmt":"2025-12-19T04:21:11","guid":{"rendered":"https:\/\/www.boyacaleinforma.com\/?p=39661"},"modified":"2025-12-18T23:26:31","modified_gmt":"2025-12-19T04:26:31","slug":"deportivo-cali-se-transforma-y-sale-al-mercado-ahora-sera-sociedad-anonima","status":"publish","type":"post","link":"https:\/\/www.boyacaleinforma.com\/?p=39661","title":{"rendered":"Deportivo Cali se transforma y sale al mercado: ahora ser\u00e1 Sociedad An\u00f3nima"},"content":{"rendered":"\n<p>Deportivo Cali inicia una nueva etapa institucional al convertirse oficialmente en Sociedad An\u00f3nima. Desde el pasado 6 de noviembre, el club dej\u00f3 de ser Asociaci\u00f3n Deportiva y pas\u00f3 a denominarse Club Profesional Deportivo Cali S.A., tras cumplir con todos los requisitos legales, estatutarios y financieros.<br><br>El cambio permitir\u00e1 que aficionados y p\u00fablico en general puedan adquirir acciones del equipo, abriendo la puerta a una mayor participaci\u00f3n ciudadana en su gesti\u00f3n. Adem\u00e1s, el club quedar\u00e1 bajo supervisi\u00f3n concurrente del Ministerio del Deporte y la Superintendencia de Sociedades, sum\u00e1ndose a los 35 clubes del f\u00fatbol profesional colombiano que operan bajo esta figura jur\u00eddica.<\/p>\n","protected":false},"excerpt":{"rendered":"<p>Deportivo Cali inicia una nueva etapa institucional al convertirse oficialmente en Sociedad An\u00f3nima. Desde el pasado 6 de<\/p>\n","protected":false},"author":1,"featured_media":39666,"comment_status":"open","ping_status":"open","sticky":false,"template":"","format":"standard","meta":{"om_disable_all_campaigns":false,"_monsterinsights_skip_tracking":false,"_monsterinsights_sitenote_active":false,"_monsterinsights_sitenote_note":"","_monsterinsights_sitenote_category":0,"footnotes":""},"categories":[7],"tags":[10],"class_list":["post-39661","post","type-post","status-publish","format-standard","has-post-thumbnail","hentry","category-deportes","tag-noticias"],"aioseo_notices":[],"_links":{"self":[{"href":"https:\/\/www.boyacaleinforma.com\/index.php?rest_route=\/wp\/v2\/posts\/39661","targetHints":{"allow":["GET"]}}],"collection":[{"href":"https:\/\/www.boyacaleinforma.com\/index.php?rest_route=\/wp\/v2\/posts"}],"about":[{"href":"https:\/\/www.boyacaleinforma.com\/index.php?rest_route=\/wp\/v2\/types\/post"}],"author":[{"embeddable":true,"href":"https:\/\/www.boyacaleinforma.com\/index.php?rest_route=\/wp\/v2\/users\/1"}],"replies":[{"embeddable":true,"href":"https:\/\/www.boyacaleinforma.com\/index.php?rest_route=%2Fwp%2Fv2%2Fcomments&post=39661"}],"version-history":[{"count":0,"href":"https:\/\/www.boyacaleinforma.com\/index.php?rest_route=\/wp\/v2\/posts\/39661\/revisions"}],"wp:featuredmedia":[{"embeddable":true,"href":"https:\/\/www.boyacaleinforma.com\/index.php?rest_route=\/wp\/v2\/media\/39666"}],"wp:attachment":[{"href":"https:\/\/www.boyacaleinforma.com\/index.php?rest_route=%2Fwp%2Fv2%2Fmedia&parent=39661"}],"wp:term":[{"taxonomy":"category","embeddable":true,"href":"https:\/\/www.boyacaleinforma.com\/index.php?rest_route=%2Fwp%2Fv2%2Fcategories&post=39661"},{"taxonomy":"post_tag","embeddable":true,"href":"https:\/\/www.boyacaleinforma.com\/index.php?rest_route=%2Fwp%2Fv2%2Ftags&post=39661"}],"curies":[{"name":"wp","href":"https:\/\/api.w.org\/{rel}","templated":true}]}}