{"id":39672,"date":"2025-12-18T23:23:48","date_gmt":"2025-12-19T04:23:48","guid":{"rendered":"https:\/\/www.boyacaleinforma.com\/?p=39672"},"modified":"2025-12-18T23:25:49","modified_gmt":"2025-12-19T04:25:49","slug":"credito-historico-impulsa-igualdad-de-genero-y-alianza-con-las-regiones","status":"publish","type":"post","link":"https:\/\/www.boyacaleinforma.com\/?p=39672","title":{"rendered":"Cr\u00e9dito hist\u00f3rico impulsa igualdad de g\u00e9nero y alianza con las regiones"},"content":{"rendered":"\n<p>Colombia dio un paso clave en su agenda social y territorial al firmar un cr\u00e9dito por US$663 millones destinado a promover la igualdad de g\u00e9nero y fortalecer el desarrollo en las regiones. El anuncio se realiz\u00f3 en el marco de una cumbre nacional de gobernadores, donde el Gobierno reiter\u00f3 su llamado a trabajar de manera articulada con los departamentos.<br><br>Durante el encuentro se destac\u00f3 la importancia de coordinar los planes regionales con el Plan Nacional de Desarrollo, priorizando recursos para programas sociales y proyectos que impacten directamente a las comunidades m\u00e1s vulnerables. La seguridad territorial, la atenci\u00f3n de emergencias por fen\u00f3menos naturales y la gobernanza regional estuvieron entre los temas centrales del di\u00e1logo.<br><br>Los mandatarios departamentales coincidieron en la necesidad de construir consensos, m\u00e1s all\u00e1 de las diferencias pol\u00edticas, para atender problem\u00e1ticas como la gesti\u00f3n del riesgo, la infraestructura vial, la atenci\u00f3n al invierno y la mitigaci\u00f3n de incendios y sequ\u00edas. El mensaje fue claro: la ejecuci\u00f3n efectiva de estos recursos depender\u00e1 del trabajo conjunto entre el Gobierno y las regiones.<\/p>\n","protected":false},"excerpt":{"rendered":"<p>Colombia dio un paso clave en su agenda social y territorial al firmar un cr\u00e9dito por US$663 millones<\/p>\n","protected":false},"author":1,"featured_media":39663,"comment_status":"open","ping_status":"open","sticky":false,"template":"","format":"standard","meta":{"om_disable_all_campaigns":false,"_monsterinsights_skip_tracking":false,"_monsterinsights_sitenote_active":false,"_monsterinsights_sitenote_note":"","_monsterinsights_sitenote_category":0,"footnotes":""},"categories":[9],"tags":[10],"class_list":["post-39672","post","type-post","status-publish","format-standard","has-post-thumbnail","hentry","category-colombia","tag-noticias"],"aioseo_notices":[],"_links":{"self":[{"href":"https:\/\/www.boyacaleinforma.com\/index.php?rest_route=\/wp\/v2\/posts\/39672","targetHints":{"allow":["GET"]}}],"collection":[{"href":"https:\/\/www.boyacaleinforma.com\/index.php?rest_route=\/wp\/v2\/posts"}],"about":[{"href":"https:\/\/www.boyacaleinforma.com\/index.php?rest_route=\/wp\/v2\/types\/post"}],"author":[{"embeddable":true,"href":"https:\/\/www.boyacaleinforma.com\/index.php?rest_route=\/wp\/v2\/users\/1"}],"replies":[{"embeddable":true,"href":"https:\/\/www.boyacaleinforma.com\/index.php?rest_route=%2Fwp%2Fv2%2Fcomments&post=39672"}],"version-history":[{"count":0,"href":"https:\/\/www.boyacaleinforma.com\/index.php?rest_route=\/wp\/v2\/posts\/39672\/revisions"}],"wp:featuredmedia":[{"embeddable":true,"href":"https:\/\/www.boyacaleinforma.com\/index.php?rest_route=\/wp\/v2\/media\/39663"}],"wp:attachment":[{"href":"https:\/\/www.boyacaleinforma.com\/index.php?rest_route=%2Fwp%2Fv2%2Fmedia&parent=39672"}],"wp:term":[{"taxonomy":"category","embeddable":true,"href":"https:\/\/www.boyacaleinforma.com\/index.php?rest_route=%2Fwp%2Fv2%2Fcategories&post=39672"},{"taxonomy":"post_tag","embeddable":true,"href":"https:\/\/www.boyacaleinforma.com\/index.php?rest_route=%2Fwp%2Fv2%2Ftags&post=39672"}],"curies":[{"name":"wp","href":"https:\/\/api.w.org\/{rel}","templated":true}]}}