{"id":39777,"date":"2025-12-22T02:19:47","date_gmt":"2025-12-22T07:19:47","guid":{"rendered":"https:\/\/www.boyacaleinforma.com\/?p=39777"},"modified":"2025-12-22T02:32:04","modified_gmt":"2025-12-22T07:32:04","slug":"el-padel-entra-en-la-cancha-grande-del-deporte-colombiano","status":"publish","type":"post","link":"https:\/\/www.boyacaleinforma.com\/?p=39777","title":{"rendered":"El p\u00e1del entra en la cancha grande del deporte colombiano"},"content":{"rendered":"\n<p>El p\u00e1del dio un paso hist\u00f3rico en Colombia. El Ministerio del Deporte otorg\u00f3 la personer\u00eda jur\u00eddica y el reconocimiento deportivo a la Federaci\u00f3n Colombiana de P\u00e1del, que desde ahora se integra oficialmente al Sistema Nacional del Deporte.<br><br>La nueva federaci\u00f3n se constituye como un organismo privado sin \u00e1nimo de lucro, con enfoque social y de inter\u00e9s p\u00fablico. En su asamblea de constituci\u00f3n fueron aprobados los estatutos que la regir\u00e1n y se eligieron los \u00f3rganos de administraci\u00f3n, control y disciplina, sentando las bases para el desarrollo organizado de esta disciplina en el pa\u00eds.<br><br>Con este reconocimiento, el p\u00e1del colombiano podr\u00e1 acceder a programas de promoci\u00f3n y desarrollo regional, participar en planes de financiaci\u00f3n y organizar competencias nacionales, adem\u00e1s de tener representaci\u00f3n en la Asamblea del Comit\u00e9 Ol\u00edmpico Colombiano. Un avance clave para fortalecer la proyecci\u00f3n nacional e internacional de este deporte en crecimiento.<\/p>\n","protected":false},"excerpt":{"rendered":"<p>El p\u00e1del dio un paso hist\u00f3rico en Colombia. El Ministerio del Deporte otorg\u00f3 la personer\u00eda jur\u00eddica y el<\/p>\n","protected":false},"author":1,"featured_media":39779,"comment_status":"open","ping_status":"open","sticky":false,"template":"","format":"standard","meta":{"om_disable_all_campaigns":false,"_monsterinsights_skip_tracking":false,"_monsterinsights_sitenote_active":false,"_monsterinsights_sitenote_note":"","_monsterinsights_sitenote_category":0,"footnotes":""},"categories":[7],"tags":[10],"class_list":["post-39777","post","type-post","status-publish","format-standard","has-post-thumbnail","hentry","category-deportes","tag-noticias"],"aioseo_notices":[],"_links":{"self":[{"href":"https:\/\/www.boyacaleinforma.com\/index.php?rest_route=\/wp\/v2\/posts\/39777","targetHints":{"allow":["GET"]}}],"collection":[{"href":"https:\/\/www.boyacaleinforma.com\/index.php?rest_route=\/wp\/v2\/posts"}],"about":[{"href":"https:\/\/www.boyacaleinforma.com\/index.php?rest_route=\/wp\/v2\/types\/post"}],"author":[{"embeddable":true,"href":"https:\/\/www.boyacaleinforma.com\/index.php?rest_route=\/wp\/v2\/users\/1"}],"replies":[{"embeddable":true,"href":"https:\/\/www.boyacaleinforma.com\/index.php?rest_route=%2Fwp%2Fv2%2Fcomments&post=39777"}],"version-history":[{"count":0,"href":"https:\/\/www.boyacaleinforma.com\/index.php?rest_route=\/wp\/v2\/posts\/39777\/revisions"}],"wp:featuredmedia":[{"embeddable":true,"href":"https:\/\/www.boyacaleinforma.com\/index.php?rest_route=\/wp\/v2\/media\/39779"}],"wp:attachment":[{"href":"https:\/\/www.boyacaleinforma.com\/index.php?rest_route=%2Fwp%2Fv2%2Fmedia&parent=39777"}],"wp:term":[{"taxonomy":"category","embeddable":true,"href":"https:\/\/www.boyacaleinforma.com\/index.php?rest_route=%2Fwp%2Fv2%2Fcategories&post=39777"},{"taxonomy":"post_tag","embeddable":true,"href":"https:\/\/www.boyacaleinforma.com\/index.php?rest_route=%2Fwp%2Fv2%2Ftags&post=39777"}],"curies":[{"name":"wp","href":"https:\/\/api.w.org\/{rel}","templated":true}]}}