{"id":39784,"date":"2025-12-22T02:20:52","date_gmt":"2025-12-22T07:20:52","guid":{"rendered":"https:\/\/www.boyacaleinforma.com\/?p=39784"},"modified":"2025-12-22T02:31:54","modified_gmt":"2025-12-22T07:31:54","slug":"boyaca-brillo-con-su-tradicion-artesanal-en-expoartesanias","status":"publish","type":"post","link":"https:\/\/www.boyacaleinforma.com\/?p=39784","title":{"rendered":"Boyac\u00e1 brill\u00f3 con su tradici\u00f3n artesanal en Expoartesan\u00edas"},"content":{"rendered":"\n<p>El talento y la identidad cultural de Boyac\u00e1 se robaron las miradas en Expoartesan\u00edas 2025, donde el trabajo de artesanos del departamento alcanz\u00f3 un destacado reconocimiento por parte del p\u00fablico nacional e internacional.<br><br>Durante los 14 d\u00edas de feria en Corferias, 23 artesanos de oficios tradicionales como tejedur\u00eda, cester\u00eda, cer\u00e1mica, cuero, madera y amero, junto a seis exponentes de la agroindustria, exhibieron lo mejor del saber ancestral boyacense. Por primera vez, la marca Artesan\u00edas de Boyac\u00e1 particip\u00f3 con un showroom de su colecci\u00f3n de relanzamiento, resultado del trabajo conjunto con creadores locales.<br><br>La participaci\u00f3n dej\u00f3 resultados positivos con ventas superiores a los 214 millones de pesos, destac\u00e1ndose productos emblem\u00e1ticos como las ruanas artesanales, la cester\u00eda y los bocados t\u00edpicos. Una muestra del potencial econ\u00f3mico y cultural que posiciona a Boyac\u00e1 como referente de tradici\u00f3n y creatividad en la feria artesanal m\u00e1s importante de Latinoam\u00e9rica.<\/p>\n","protected":false},"excerpt":{"rendered":"<p>El talento y la identidad cultural de Boyac\u00e1 se robaron las miradas en Expoartesan\u00edas 2025, donde el trabajo<\/p>\n","protected":false},"author":1,"featured_media":39780,"comment_status":"open","ping_status":"open","sticky":false,"template":"","format":"standard","meta":{"om_disable_all_campaigns":false,"_monsterinsights_skip_tracking":false,"_monsterinsights_sitenote_active":false,"_monsterinsights_sitenote_note":"","_monsterinsights_sitenote_category":0,"footnotes":""},"categories":[5],"tags":[10],"class_list":["post-39784","post","type-post","status-publish","format-standard","has-post-thumbnail","hentry","category-boyaca","tag-noticias"],"aioseo_notices":[],"_links":{"self":[{"href":"https:\/\/www.boyacaleinforma.com\/index.php?rest_route=\/wp\/v2\/posts\/39784","targetHints":{"allow":["GET"]}}],"collection":[{"href":"https:\/\/www.boyacaleinforma.com\/index.php?rest_route=\/wp\/v2\/posts"}],"about":[{"href":"https:\/\/www.boyacaleinforma.com\/index.php?rest_route=\/wp\/v2\/types\/post"}],"author":[{"embeddable":true,"href":"https:\/\/www.boyacaleinforma.com\/index.php?rest_route=\/wp\/v2\/users\/1"}],"replies":[{"embeddable":true,"href":"https:\/\/www.boyacaleinforma.com\/index.php?rest_route=%2Fwp%2Fv2%2Fcomments&post=39784"}],"version-history":[{"count":0,"href":"https:\/\/www.boyacaleinforma.com\/index.php?rest_route=\/wp\/v2\/posts\/39784\/revisions"}],"wp:featuredmedia":[{"embeddable":true,"href":"https:\/\/www.boyacaleinforma.com\/index.php?rest_route=\/wp\/v2\/media\/39780"}],"wp:attachment":[{"href":"https:\/\/www.boyacaleinforma.com\/index.php?rest_route=%2Fwp%2Fv2%2Fmedia&parent=39784"}],"wp:term":[{"taxonomy":"category","embeddable":true,"href":"https:\/\/www.boyacaleinforma.com\/index.php?rest_route=%2Fwp%2Fv2%2Fcategories&post=39784"},{"taxonomy":"post_tag","embeddable":true,"href":"https:\/\/www.boyacaleinforma.com\/index.php?rest_route=%2Fwp%2Fv2%2Ftags&post=39784"}],"curies":[{"name":"wp","href":"https:\/\/api.w.org\/{rel}","templated":true}]}}