{"id":39800,"date":"2025-12-22T02:26:10","date_gmt":"2025-12-22T07:26:10","guid":{"rendered":"https:\/\/www.boyacaleinforma.com\/?p=39800"},"modified":"2025-12-22T02:26:14","modified_gmt":"2025-12-22T07:26:14","slug":"celebracion-dia-de-la-familia-en-cubara","status":"publish","type":"post","link":"https:\/\/www.boyacaleinforma.com\/?p=39800","title":{"rendered":"Celebraci\u00f3n d\u00eda de la familia en Cubar\u00e1"},"content":{"rendered":"\n<p>Cubar\u00e1 celebr\u00f3 con \u00e9xito el D\u00eda de la Familia<\/p>\n\n\n\n<p>Vivieron una jornada inolvidable, llena de juegos, deporte, alegr\u00eda y uni\u00f3n. Las familias Cubarenses participaron con entusiasmo en actividades dise\u00f1adas para compartir, disfrutar y fortalecer los lazos que los unen como comunidad.<\/p>\n\n\n\n<p>Desde din\u00e1micas recreativas hasta competencias en equipo, cada momento fue una oportunidad para resaltar el valor de la familia como base de una sociedad m\u00e1s justa, solidaria y feliz.<\/p>\n","protected":false},"excerpt":{"rendered":"<p>Cubar\u00e1 celebr\u00f3 con \u00e9xito el D\u00eda de la Familia Vivieron una jornada inolvidable, llena de juegos, deporte, alegr\u00eda<\/p>\n","protected":false},"author":1,"featured_media":39797,"comment_status":"open","ping_status":"open","sticky":false,"template":"","format":"standard","meta":{"om_disable_all_campaigns":false,"_monsterinsights_skip_tracking":false,"_monsterinsights_sitenote_active":false,"_monsterinsights_sitenote_note":"","_monsterinsights_sitenote_category":0,"footnotes":""},"categories":[1],"tags":[],"class_list":["post-39800","post","type-post","status-publish","format-standard","has-post-thumbnail","hentry","category-uncategorized"],"aioseo_notices":[],"_links":{"self":[{"href":"https:\/\/www.boyacaleinforma.com\/index.php?rest_route=\/wp\/v2\/posts\/39800","targetHints":{"allow":["GET"]}}],"collection":[{"href":"https:\/\/www.boyacaleinforma.com\/index.php?rest_route=\/wp\/v2\/posts"}],"about":[{"href":"https:\/\/www.boyacaleinforma.com\/index.php?rest_route=\/wp\/v2\/types\/post"}],"author":[{"embeddable":true,"href":"https:\/\/www.boyacaleinforma.com\/index.php?rest_route=\/wp\/v2\/users\/1"}],"replies":[{"embeddable":true,"href":"https:\/\/www.boyacaleinforma.com\/index.php?rest_route=%2Fwp%2Fv2%2Fcomments&post=39800"}],"version-history":[{"count":0,"href":"https:\/\/www.boyacaleinforma.com\/index.php?rest_route=\/wp\/v2\/posts\/39800\/revisions"}],"wp:featuredmedia":[{"embeddable":true,"href":"https:\/\/www.boyacaleinforma.com\/index.php?rest_route=\/wp\/v2\/media\/39797"}],"wp:attachment":[{"href":"https:\/\/www.boyacaleinforma.com\/index.php?rest_route=%2Fwp%2Fv2%2Fmedia&parent=39800"}],"wp:term":[{"taxonomy":"category","embeddable":true,"href":"https:\/\/www.boyacaleinforma.com\/index.php?rest_route=%2Fwp%2Fv2%2Fcategories&post=39800"},{"taxonomy":"post_tag","embeddable":true,"href":"https:\/\/www.boyacaleinforma.com\/index.php?rest_route=%2Fwp%2Fv2%2Ftags&post=39800"}],"curies":[{"name":"wp","href":"https:\/\/api.w.org\/{rel}","templated":true}]}}