{"id":39808,"date":"2025-12-22T02:30:25","date_gmt":"2025-12-22T07:30:25","guid":{"rendered":"https:\/\/www.boyacaleinforma.com\/?p=39808"},"modified":"2025-12-22T02:30:29","modified_gmt":"2025-12-22T07:30:29","slug":"asi-se-vivio-el-festival-gastronomico-y-de-musica-colombiana-en-corrales","status":"publish","type":"post","link":"https:\/\/www.boyacaleinforma.com\/?p=39808","title":{"rendered":"As\u00ed se vivi\u00f3 el Festival Gastron\u00f3mico y de M\u00fasica Colombiana en Corrales"},"content":{"rendered":"\n<p>Corrales se visti\u00f3 de tradici\u00f3n, sabor y alegr\u00eda en el XII Festival Gastron\u00f3mico y de M\u00fasica Colombiana. Desde las 10:00 a.m., la Plaza Principal \u00abJuana Escobar\u00bb se llen\u00f3 de aromas deliciosos, m\u00fasica en vivo, coloridos bailes y la energ\u00eda de propios y visitantes que disfrutaron de lo mejor de la cultura.<\/p>\n\n\n\n<p>La banda sinf\u00f3nica de Corrales abri\u00f3 con una gran presentaci\u00f3n, seguida por danzas del adulto mayor, muestras de cocteler\u00eda, cocina tradicional y agrupaciones musicales como Tierra y Voz y 4 en Vivo.<\/p>\n","protected":false},"excerpt":{"rendered":"<p>Corrales se visti\u00f3 de tradici\u00f3n, sabor y alegr\u00eda en el XII Festival Gastron\u00f3mico y de M\u00fasica Colombiana. Desde<\/p>\n","protected":false},"author":1,"featured_media":39796,"comment_status":"open","ping_status":"open","sticky":false,"template":"","format":"standard","meta":{"om_disable_all_campaigns":false,"_monsterinsights_skip_tracking":false,"_monsterinsights_sitenote_active":false,"_monsterinsights_sitenote_note":"","_monsterinsights_sitenote_category":0,"footnotes":""},"categories":[1],"tags":[],"class_list":["post-39808","post","type-post","status-publish","format-standard","has-post-thumbnail","hentry","category-uncategorized"],"aioseo_notices":[],"_links":{"self":[{"href":"https:\/\/www.boyacaleinforma.com\/index.php?rest_route=\/wp\/v2\/posts\/39808","targetHints":{"allow":["GET"]}}],"collection":[{"href":"https:\/\/www.boyacaleinforma.com\/index.php?rest_route=\/wp\/v2\/posts"}],"about":[{"href":"https:\/\/www.boyacaleinforma.com\/index.php?rest_route=\/wp\/v2\/types\/post"}],"author":[{"embeddable":true,"href":"https:\/\/www.boyacaleinforma.com\/index.php?rest_route=\/wp\/v2\/users\/1"}],"replies":[{"embeddable":true,"href":"https:\/\/www.boyacaleinforma.com\/index.php?rest_route=%2Fwp%2Fv2%2Fcomments&post=39808"}],"version-history":[{"count":0,"href":"https:\/\/www.boyacaleinforma.com\/index.php?rest_route=\/wp\/v2\/posts\/39808\/revisions"}],"wp:featuredmedia":[{"embeddable":true,"href":"https:\/\/www.boyacaleinforma.com\/index.php?rest_route=\/wp\/v2\/media\/39796"}],"wp:attachment":[{"href":"https:\/\/www.boyacaleinforma.com\/index.php?rest_route=%2Fwp%2Fv2%2Fmedia&parent=39808"}],"wp:term":[{"taxonomy":"category","embeddable":true,"href":"https:\/\/www.boyacaleinforma.com\/index.php?rest_route=%2Fwp%2Fv2%2Fcategories&post=39808"},{"taxonomy":"post_tag","embeddable":true,"href":"https:\/\/www.boyacaleinforma.com\/index.php?rest_route=%2Fwp%2Fv2%2Ftags&post=39808"}],"curies":[{"name":"wp","href":"https:\/\/api.w.org\/{rel}","templated":true}]}}