{"id":39914,"date":"2025-12-23T14:04:26","date_gmt":"2025-12-23T19:04:26","guid":{"rendered":"https:\/\/www.boyacaleinforma.com\/?p=39914"},"modified":"2025-12-23T14:04:32","modified_gmt":"2025-12-23T19:04:32","slug":"se-llevo-a-cabo-capacitacion-dirigida-a-los-productores-porcinos-cubarenses","status":"publish","type":"post","link":"https:\/\/www.boyacaleinforma.com\/?p=39914","title":{"rendered":"Se llev\u00f3 a cabo capacitaci\u00f3n dirigida a los productores porcinos cubarenses"},"content":{"rendered":"\n<p>El bienestar animal y ambiental comienza con buenas pr\u00e1cticas<\/p>\n\n\n\n<p>Con el compromiso de seguir fortaleciendo el sector agropecuario, Corporinoquia, en articulaci\u00f3n con la Unidad de Servicios P\u00fablicos y la Oficina Agropecuaria Municipal, llev\u00f3 a cabo una jornada de capacitaci\u00f3n dirigida a los productores porcinos Cubarenses<\/p>\n\n\n\n<p>Tambi\u00e9n contaron con la participaci\u00f3n del ICA, y se socializaron las buenas pr\u00e1cticas en el manejo sanitario, ambiental y productivo en la porcicultura, promoviendo un desarrollo m\u00e1s responsable y sostenible<\/p>\n","protected":false},"excerpt":{"rendered":"<p>El bienestar animal y ambiental comienza con buenas pr\u00e1cticas Con el compromiso de seguir fortaleciendo el sector agropecuario,<\/p>\n","protected":false},"author":1,"featured_media":39910,"comment_status":"open","ping_status":"open","sticky":false,"template":"","format":"standard","meta":{"om_disable_all_campaigns":false,"_monsterinsights_skip_tracking":false,"_monsterinsights_sitenote_active":false,"_monsterinsights_sitenote_note":"","_monsterinsights_sitenote_category":0,"footnotes":""},"categories":[1],"tags":[],"class_list":["post-39914","post","type-post","status-publish","format-standard","has-post-thumbnail","hentry","category-uncategorized"],"aioseo_notices":[],"_links":{"self":[{"href":"https:\/\/www.boyacaleinforma.com\/index.php?rest_route=\/wp\/v2\/posts\/39914","targetHints":{"allow":["GET"]}}],"collection":[{"href":"https:\/\/www.boyacaleinforma.com\/index.php?rest_route=\/wp\/v2\/posts"}],"about":[{"href":"https:\/\/www.boyacaleinforma.com\/index.php?rest_route=\/wp\/v2\/types\/post"}],"author":[{"embeddable":true,"href":"https:\/\/www.boyacaleinforma.com\/index.php?rest_route=\/wp\/v2\/users\/1"}],"replies":[{"embeddable":true,"href":"https:\/\/www.boyacaleinforma.com\/index.php?rest_route=%2Fwp%2Fv2%2Fcomments&post=39914"}],"version-history":[{"count":0,"href":"https:\/\/www.boyacaleinforma.com\/index.php?rest_route=\/wp\/v2\/posts\/39914\/revisions"}],"wp:featuredmedia":[{"embeddable":true,"href":"https:\/\/www.boyacaleinforma.com\/index.php?rest_route=\/wp\/v2\/media\/39910"}],"wp:attachment":[{"href":"https:\/\/www.boyacaleinforma.com\/index.php?rest_route=%2Fwp%2Fv2%2Fmedia&parent=39914"}],"wp:term":[{"taxonomy":"category","embeddable":true,"href":"https:\/\/www.boyacaleinforma.com\/index.php?rest_route=%2Fwp%2Fv2%2Fcategories&post=39914"},{"taxonomy":"post_tag","embeddable":true,"href":"https:\/\/www.boyacaleinforma.com\/index.php?rest_route=%2Fwp%2Fv2%2Ftags&post=39914"}],"curies":[{"name":"wp","href":"https:\/\/api.w.org\/{rel}","templated":true}]}}