{"id":39935,"date":"2025-12-23T14:22:59","date_gmt":"2025-12-23T19:22:59","guid":{"rendered":"https:\/\/www.boyacaleinforma.com\/?p=39935"},"modified":"2025-12-23T14:29:20","modified_gmt":"2025-12-23T19:29:20","slug":"uptc-y-villa-de-leyva-sellan-alianza-clave-para-el-desarrollo-del-municipio","status":"publish","type":"post","link":"https:\/\/www.boyacaleinforma.com\/?p=39935","title":{"rendered":"UPTC y Villa de Leyva sellan alianza clave para el desarrollo del municipio"},"content":{"rendered":"\n<p>La Universidad Pedag\u00f3gica y Tecnol\u00f3gica de Colombia (UPTC) y la Alcald\u00eda de Villa de Leyva firmaron un convenio de cooperaci\u00f3n interinstitucional que fortalecer\u00e1 el desarrollo regional durante los pr\u00f3ximos cinco a\u00f1os.<br><br>El acuerdo, suscrito por el rector de la UPTC, Enrique Vera L\u00f3pez, y el alcalde V\u00edctor Alfonso Gamboa Chaparro, permitir\u00e1 impulsar acciones conjuntas en investigaci\u00f3n, extensi\u00f3n, asistencia t\u00e9cnica y acad\u00e9mica, articulando recursos humanos, tecnol\u00f3gicos y financieros.<br><br>La alianza busca atender necesidades prioritarias del municipio en \u00e1reas como movilidad, infraestructura vial, sector agr\u00edcola y turismo, integrando la experiencia acad\u00e9mica de la UPTC al Plan de Desarrollo 2024\u20132027 de Villa de Leyva, en beneficio directo de la comunidad.<\/p>\n","protected":false},"excerpt":{"rendered":"<p>La Universidad Pedag\u00f3gica y Tecnol\u00f3gica de Colombia (UPTC) y la Alcald\u00eda de Villa de Leyva firmaron un convenio<\/p>\n","protected":false},"author":1,"featured_media":39928,"comment_status":"open","ping_status":"open","sticky":false,"template":"","format":"standard","meta":{"om_disable_all_campaigns":false,"_monsterinsights_skip_tracking":false,"_monsterinsights_sitenote_active":false,"_monsterinsights_sitenote_note":"","_monsterinsights_sitenote_category":0,"footnotes":""},"categories":[5],"tags":[10],"class_list":["post-39935","post","type-post","status-publish","format-standard","has-post-thumbnail","hentry","category-boyaca","tag-noticias"],"aioseo_notices":[],"_links":{"self":[{"href":"https:\/\/www.boyacaleinforma.com\/index.php?rest_route=\/wp\/v2\/posts\/39935","targetHints":{"allow":["GET"]}}],"collection":[{"href":"https:\/\/www.boyacaleinforma.com\/index.php?rest_route=\/wp\/v2\/posts"}],"about":[{"href":"https:\/\/www.boyacaleinforma.com\/index.php?rest_route=\/wp\/v2\/types\/post"}],"author":[{"embeddable":true,"href":"https:\/\/www.boyacaleinforma.com\/index.php?rest_route=\/wp\/v2\/users\/1"}],"replies":[{"embeddable":true,"href":"https:\/\/www.boyacaleinforma.com\/index.php?rest_route=%2Fwp%2Fv2%2Fcomments&post=39935"}],"version-history":[{"count":0,"href":"https:\/\/www.boyacaleinforma.com\/index.php?rest_route=\/wp\/v2\/posts\/39935\/revisions"}],"wp:featuredmedia":[{"embeddable":true,"href":"https:\/\/www.boyacaleinforma.com\/index.php?rest_route=\/wp\/v2\/media\/39928"}],"wp:attachment":[{"href":"https:\/\/www.boyacaleinforma.com\/index.php?rest_route=%2Fwp%2Fv2%2Fmedia&parent=39935"}],"wp:term":[{"taxonomy":"category","embeddable":true,"href":"https:\/\/www.boyacaleinforma.com\/index.php?rest_route=%2Fwp%2Fv2%2Fcategories&post=39935"},{"taxonomy":"post_tag","embeddable":true,"href":"https:\/\/www.boyacaleinforma.com\/index.php?rest_route=%2Fwp%2Fv2%2Ftags&post=39935"}],"curies":[{"name":"wp","href":"https:\/\/api.w.org\/{rel}","templated":true}]}}