{"id":39939,"date":"2025-12-23T14:27:16","date_gmt":"2025-12-23T19:27:16","guid":{"rendered":"https:\/\/www.boyacaleinforma.com\/?p=39939"},"modified":"2025-12-23T14:28:43","modified_gmt":"2025-12-23T19:28:43","slug":"uptc-impulsa-la-innovacion-con-la-construccion-de-un-microcentro-de-inteligencia-artificial","status":"publish","type":"post","link":"https:\/\/www.boyacaleinforma.com\/?p=39939","title":{"rendered":"UPTC impulsa la innovaci\u00f3n con la construcci\u00f3n de un Microcentro de Inteligencia Artificial"},"content":{"rendered":"\n<p>La Universidad Pedag\u00f3gica y Tecnol\u00f3gica de Colombia (UPTC) anunci\u00f3 la construcci\u00f3n de un Microcentro de Inteligencia Artificial en sus predios de Duitama, un proyecto que fortalecer\u00e1 la investigaci\u00f3n y el desarrollo tecnol\u00f3gico en la regi\u00f3n.<br><br>La iniciativa cuenta con el respaldo de los ministerios de Ciencia, Tecnolog\u00eda e Innovaci\u00f3n y de las TIC, y tendr\u00e1 una inversi\u00f3n cercana a los 3.500 millones de pesos. El centro se levantar\u00e1 en el Centro Regional Universitario (CRU), en un \u00e1rea aproximada de 100 metros cuadrados.<br><br>Seg\u00fan directivos de la UPTC, el Microcentro se proyecta como un ecosistema de ciencia, innovaci\u00f3n y emprendimiento, que posicionar\u00e1 a la universidad como un actor clave en el avance acad\u00e9mico y tecnol\u00f3gico de Boyac\u00e1.<\/p>\n","protected":false},"excerpt":{"rendered":"<p>La Universidad Pedag\u00f3gica y Tecnol\u00f3gica de Colombia (UPTC) anunci\u00f3 la construcci\u00f3n de un Microcentro de Inteligencia Artificial en<\/p>\n","protected":false},"author":1,"featured_media":39927,"comment_status":"open","ping_status":"open","sticky":false,"template":"","format":"standard","meta":{"om_disable_all_campaigns":false,"_monsterinsights_skip_tracking":false,"_monsterinsights_sitenote_active":false,"_monsterinsights_sitenote_note":"","_monsterinsights_sitenote_category":0,"footnotes":""},"categories":[5],"tags":[10],"class_list":["post-39939","post","type-post","status-publish","format-standard","has-post-thumbnail","hentry","category-boyaca","tag-noticias"],"aioseo_notices":[],"_links":{"self":[{"href":"https:\/\/www.boyacaleinforma.com\/index.php?rest_route=\/wp\/v2\/posts\/39939","targetHints":{"allow":["GET"]}}],"collection":[{"href":"https:\/\/www.boyacaleinforma.com\/index.php?rest_route=\/wp\/v2\/posts"}],"about":[{"href":"https:\/\/www.boyacaleinforma.com\/index.php?rest_route=\/wp\/v2\/types\/post"}],"author":[{"embeddable":true,"href":"https:\/\/www.boyacaleinforma.com\/index.php?rest_route=\/wp\/v2\/users\/1"}],"replies":[{"embeddable":true,"href":"https:\/\/www.boyacaleinforma.com\/index.php?rest_route=%2Fwp%2Fv2%2Fcomments&post=39939"}],"version-history":[{"count":0,"href":"https:\/\/www.boyacaleinforma.com\/index.php?rest_route=\/wp\/v2\/posts\/39939\/revisions"}],"wp:featuredmedia":[{"embeddable":true,"href":"https:\/\/www.boyacaleinforma.com\/index.php?rest_route=\/wp\/v2\/media\/39927"}],"wp:attachment":[{"href":"https:\/\/www.boyacaleinforma.com\/index.php?rest_route=%2Fwp%2Fv2%2Fmedia&parent=39939"}],"wp:term":[{"taxonomy":"category","embeddable":true,"href":"https:\/\/www.boyacaleinforma.com\/index.php?rest_route=%2Fwp%2Fv2%2Fcategories&post=39939"},{"taxonomy":"post_tag","embeddable":true,"href":"https:\/\/www.boyacaleinforma.com\/index.php?rest_route=%2Fwp%2Fv2%2Ftags&post=39939"}],"curies":[{"name":"wp","href":"https:\/\/api.w.org\/{rel}","templated":true}]}}