{"id":40017,"date":"2025-12-24T10:48:05","date_gmt":"2025-12-24T15:48:05","guid":{"rendered":"https:\/\/www.boyacaleinforma.com\/?p=40017"},"modified":"2025-12-24T10:59:53","modified_gmt":"2025-12-24T15:59:53","slug":"duitama-abre-las-puertas-del-colegio-a-ninos-desde-los-4-anos","status":"publish","type":"post","link":"https:\/\/www.boyacaleinforma.com\/?p=40017","title":{"rendered":"Duitama abre las puertas del colegio a ni\u00f1os desde los 4 a\u00f1os"},"content":{"rendered":"\n<p>Duitama ampli\u00f3 la cobertura de la educaci\u00f3n p\u00fablica para permitir que ni\u00f1os y ni\u00f1as desde los cuatro a\u00f1os inicien su proceso acad\u00e9mico en instituciones oficiales del municipio. La medida busca fortalecer la atenci\u00f3n integral a la primera infancia y promover el desarrollo temprano desde los primeros a\u00f1os de vida.<br><br>La secretar\u00eda de Educaci\u00f3n destac\u00f3 que esta iniciativa es resultado de la articulaci\u00f3n entre el Ministerio de Educaci\u00f3n y la Administraci\u00f3n Municipal, y permitir\u00e1 ofrecer experiencias pedag\u00f3gicas basadas en el juego, el arte, la literatura y la exploraci\u00f3n del entorno, con participaci\u00f3n activa de las familias.<br><br>Los menores podr\u00e1n inscribirse en los colegios Boyac\u00e1, Guillermo Le\u00f3n Valencia, Francisco de Paula Santander, Sim\u00f3n Bol\u00edvar, La Pradera, Quebrada de Becerras y San Luis, instituciones habilitadas para recibir a los nuevos estudiantes de educaci\u00f3n inicial.<\/p>\n","protected":false},"excerpt":{"rendered":"<p>Duitama ampli\u00f3 la cobertura de la educaci\u00f3n p\u00fablica para permitir que ni\u00f1os y ni\u00f1as desde los cuatro a\u00f1os<\/p>\n","protected":false},"author":1,"featured_media":40006,"comment_status":"open","ping_status":"open","sticky":false,"template":"","format":"standard","meta":{"om_disable_all_campaigns":false,"_monsterinsights_skip_tracking":false,"_monsterinsights_sitenote_active":false,"_monsterinsights_sitenote_note":"","_monsterinsights_sitenote_category":0,"footnotes":""},"categories":[5],"tags":[10],"class_list":["post-40017","post","type-post","status-publish","format-standard","has-post-thumbnail","hentry","category-boyaca","tag-noticias"],"aioseo_notices":[],"_links":{"self":[{"href":"https:\/\/www.boyacaleinforma.com\/index.php?rest_route=\/wp\/v2\/posts\/40017","targetHints":{"allow":["GET"]}}],"collection":[{"href":"https:\/\/www.boyacaleinforma.com\/index.php?rest_route=\/wp\/v2\/posts"}],"about":[{"href":"https:\/\/www.boyacaleinforma.com\/index.php?rest_route=\/wp\/v2\/types\/post"}],"author":[{"embeddable":true,"href":"https:\/\/www.boyacaleinforma.com\/index.php?rest_route=\/wp\/v2\/users\/1"}],"replies":[{"embeddable":true,"href":"https:\/\/www.boyacaleinforma.com\/index.php?rest_route=%2Fwp%2Fv2%2Fcomments&post=40017"}],"version-history":[{"count":0,"href":"https:\/\/www.boyacaleinforma.com\/index.php?rest_route=\/wp\/v2\/posts\/40017\/revisions"}],"wp:featuredmedia":[{"embeddable":true,"href":"https:\/\/www.boyacaleinforma.com\/index.php?rest_route=\/wp\/v2\/media\/40006"}],"wp:attachment":[{"href":"https:\/\/www.boyacaleinforma.com\/index.php?rest_route=%2Fwp%2Fv2%2Fmedia&parent=40017"}],"wp:term":[{"taxonomy":"category","embeddable":true,"href":"https:\/\/www.boyacaleinforma.com\/index.php?rest_route=%2Fwp%2Fv2%2Fcategories&post=40017"},{"taxonomy":"post_tag","embeddable":true,"href":"https:\/\/www.boyacaleinforma.com\/index.php?rest_route=%2Fwp%2Fv2%2Ftags&post=40017"}],"curies":[{"name":"wp","href":"https:\/\/api.w.org\/{rel}","templated":true}]}}