{"id":40262,"date":"2025-12-29T09:53:29","date_gmt":"2025-12-29T14:53:29","guid":{"rendered":"https:\/\/www.boyacaleinforma.com\/?p=40262"},"modified":"2025-12-29T10:00:56","modified_gmt":"2025-12-29T15:00:56","slug":"golpe-a-la-tala-ilegal-cae-red-que-legalizaba-madera-en-el-altiplano","status":"publish","type":"post","link":"https:\/\/www.boyacaleinforma.com\/?p=40262","title":{"rendered":"Golpe a la tala ilegal: cae red que \u201clegalizaba\u201d madera en el altiplano"},"content":{"rendered":"\n<p>La Fiscal\u00eda General de la Naci\u00f3n desarticul\u00f3 a \u2018Los Le\u00f1adores\u2019, una red se\u00f1alada de dar apariencia de legalidad a madera extra\u00edda ilegalmente de zonas protegidas en Boyac\u00e1 y Cundinamarca. Cinco presuntos integrantes fueron presentados ante un juez de control de garant\u00edas en Bogot\u00e1.<br><br>Seg\u00fan la investigaci\u00f3n, el grupo utilizaba documentos y permisos falsos a nombre de la CAR y el ICA para movilizar y comercializar el producto forestal. La Fiscal\u00eda les imput\u00f3 delitos ambientales como aprovechamiento il\u00edcito de recursos naturales, ecocidio, da\u00f1o ambiental y concierto para delinquir.<br><br>Entre los judicializados figuran comerciantes y responsables de la tala y transporte de madera, cuatro de los cuales deber\u00e1n cumplir medida de aseguramiento domiciliaria. En los operativos fueron incautados 920 metros c\u00fabicos de madera listos para su venta en varios municipios de Cundinamarca.<br><br>Las autoridades advirtieron que la actividad de esta red provoc\u00f3 graves afectaciones a ecosistemas estrat\u00e9gicos, p\u00e9rdida de biodiversidad y alteraciones en los ciclos naturales de los bosques.<\/p>\n","protected":false},"excerpt":{"rendered":"<p>La Fiscal\u00eda General de la Naci\u00f3n desarticul\u00f3 a \u2018Los Le\u00f1adores\u2019, una red se\u00f1alada de dar apariencia de legalidad<\/p>\n","protected":false},"author":1,"featured_media":40267,"comment_status":"open","ping_status":"open","sticky":false,"template":"","format":"standard","meta":{"om_disable_all_campaigns":false,"_monsterinsights_skip_tracking":false,"_monsterinsights_sitenote_active":false,"_monsterinsights_sitenote_note":"","_monsterinsights_sitenote_category":0,"footnotes":""},"categories":[8],"tags":[10],"class_list":["post-40262","post","type-post","status-publish","format-standard","has-post-thumbnail","hentry","category-judicial","tag-noticias"],"aioseo_notices":[],"_links":{"self":[{"href":"https:\/\/www.boyacaleinforma.com\/index.php?rest_route=\/wp\/v2\/posts\/40262","targetHints":{"allow":["GET"]}}],"collection":[{"href":"https:\/\/www.boyacaleinforma.com\/index.php?rest_route=\/wp\/v2\/posts"}],"about":[{"href":"https:\/\/www.boyacaleinforma.com\/index.php?rest_route=\/wp\/v2\/types\/post"}],"author":[{"embeddable":true,"href":"https:\/\/www.boyacaleinforma.com\/index.php?rest_route=\/wp\/v2\/users\/1"}],"replies":[{"embeddable":true,"href":"https:\/\/www.boyacaleinforma.com\/index.php?rest_route=%2Fwp%2Fv2%2Fcomments&post=40262"}],"version-history":[{"count":0,"href":"https:\/\/www.boyacaleinforma.com\/index.php?rest_route=\/wp\/v2\/posts\/40262\/revisions"}],"wp:featuredmedia":[{"embeddable":true,"href":"https:\/\/www.boyacaleinforma.com\/index.php?rest_route=\/wp\/v2\/media\/40267"}],"wp:attachment":[{"href":"https:\/\/www.boyacaleinforma.com\/index.php?rest_route=%2Fwp%2Fv2%2Fmedia&parent=40262"}],"wp:term":[{"taxonomy":"category","embeddable":true,"href":"https:\/\/www.boyacaleinforma.com\/index.php?rest_route=%2Fwp%2Fv2%2Fcategories&post=40262"},{"taxonomy":"post_tag","embeddable":true,"href":"https:\/\/www.boyacaleinforma.com\/index.php?rest_route=%2Fwp%2Fv2%2Ftags&post=40262"}],"curies":[{"name":"wp","href":"https:\/\/api.w.org\/{rel}","templated":true}]}}