{"id":40271,"date":"2025-12-29T09:56:18","date_gmt":"2025-12-29T14:56:18","guid":{"rendered":"https:\/\/www.boyacaleinforma.com\/?p=40271"},"modified":"2025-12-29T10:00:28","modified_gmt":"2025-12-29T15:00:28","slug":"gobierno-decreta-emergencia-para-blindar-las-finanzas-del-pais","status":"publish","type":"post","link":"https:\/\/www.boyacaleinforma.com\/?p=40271","title":{"rendered":"Gobierno decreta emergencia para blindar las finanzas del pa\u00eds"},"content":{"rendered":"\n<p>El Gobierno nacional declar\u00f3 la emergencia econ\u00f3mica tras el hundimiento de la Ley de Financiamiento en el Congreso, una decisi\u00f3n que busca asegurar los recursos necesarios para mantener la estabilidad macroecon\u00f3mica y fiscal de Colombia.<br><br>El ministro de Hacienda explic\u00f3 que, ante la falta de ingresos, el Ejecutivo enfrent\u00f3 dos opciones: aumentar el endeudamiento o fortalecer la tributaci\u00f3n. La administraci\u00f3n opt\u00f3 por ampliar los ingresos fiscales, al considerarla una alternativa m\u00e1s responsable para cumplir las obligaciones del Estado sin poner en riesgo la sostenibilidad financiera.<br><br>La medida responde a presiones estructurales como el d\u00e9ficit de 3 billones de pesos en la Unidad de Pago por Capitaci\u00f3n del sistema de salud, mayores necesidades en seguridad y protecci\u00f3n, y la atenci\u00f3n de emergencias previsibles como desastres naturales.<br><br>El jefe de la cartera econ\u00f3mica destac\u00f3 que 2025 cerr\u00f3 con crecimiento y estabilidad productiva, y defendi\u00f3 adem\u00e1s la operaci\u00f3n de colocaci\u00f3n de $23 billones en T\u00edtulos de Tesorer\u00eda con el fondo internacional PIMCO, se\u00f1alando que se realiz\u00f3 con prudencia y fortaleci\u00f3 la confianza inversionista. La emergencia, afirm\u00f3, busca anticiparse a los riesgos y proteger el equilibrio fiscal del pa\u00eds.<\/p>\n","protected":false},"excerpt":{"rendered":"<p>El Gobierno nacional declar\u00f3 la emergencia econ\u00f3mica tras el hundimiento de la Ley de Financiamiento en el Congreso,<\/p>\n","protected":false},"author":1,"featured_media":40266,"comment_status":"open","ping_status":"open","sticky":false,"template":"","format":"standard","meta":{"om_disable_all_campaigns":false,"_monsterinsights_skip_tracking":false,"_monsterinsights_sitenote_active":false,"_monsterinsights_sitenote_note":"","_monsterinsights_sitenote_category":0,"footnotes":""},"categories":[9],"tags":[10],"class_list":["post-40271","post","type-post","status-publish","format-standard","has-post-thumbnail","hentry","category-colombia","tag-noticias"],"aioseo_notices":[],"_links":{"self":[{"href":"https:\/\/www.boyacaleinforma.com\/index.php?rest_route=\/wp\/v2\/posts\/40271","targetHints":{"allow":["GET"]}}],"collection":[{"href":"https:\/\/www.boyacaleinforma.com\/index.php?rest_route=\/wp\/v2\/posts"}],"about":[{"href":"https:\/\/www.boyacaleinforma.com\/index.php?rest_route=\/wp\/v2\/types\/post"}],"author":[{"embeddable":true,"href":"https:\/\/www.boyacaleinforma.com\/index.php?rest_route=\/wp\/v2\/users\/1"}],"replies":[{"embeddable":true,"href":"https:\/\/www.boyacaleinforma.com\/index.php?rest_route=%2Fwp%2Fv2%2Fcomments&post=40271"}],"version-history":[{"count":0,"href":"https:\/\/www.boyacaleinforma.com\/index.php?rest_route=\/wp\/v2\/posts\/40271\/revisions"}],"wp:featuredmedia":[{"embeddable":true,"href":"https:\/\/www.boyacaleinforma.com\/index.php?rest_route=\/wp\/v2\/media\/40266"}],"wp:attachment":[{"href":"https:\/\/www.boyacaleinforma.com\/index.php?rest_route=%2Fwp%2Fv2%2Fmedia&parent=40271"}],"wp:term":[{"taxonomy":"category","embeddable":true,"href":"https:\/\/www.boyacaleinforma.com\/index.php?rest_route=%2Fwp%2Fv2%2Fcategories&post=40271"},{"taxonomy":"post_tag","embeddable":true,"href":"https:\/\/www.boyacaleinforma.com\/index.php?rest_route=%2Fwp%2Fv2%2Ftags&post=40271"}],"curies":[{"name":"wp","href":"https:\/\/api.w.org\/{rel}","templated":true}]}}