{"id":40285,"date":"2025-12-29T11:53:08","date_gmt":"2025-12-29T16:53:08","guid":{"rendered":"https:\/\/www.boyacaleinforma.com\/?p=40285"},"modified":"2025-12-29T11:53:08","modified_gmt":"2025-12-29T16:53:08","slug":"conmemoracion-dia-del-no-trabajo-infantil-en-cuitiva","status":"publish","type":"post","link":"https:\/\/www.boyacaleinforma.com\/?p=40285","title":{"rendered":"Conmemoraci\u00f3n d\u00eda del no trabajo infantil en Cu\u00edtiva"},"content":{"rendered":"\n<p>La Comisar\u00eda de Familia y la Secretar\u00eda T\u00e9cnica del CIETI, en articulaci\u00f3n con la Casa del Menor Marco Fidel Su\u00e1rez, llevaron a cabo un acto conmemorativo en el marco de esta importante fecha. El evento cont\u00f3 con la participaci\u00f3n activa de ni\u00f1os, ni\u00f1as y adolescentes del municipio, y gir\u00f3 en torno al proyecto de vida como herramienta clave para la garant\u00eda y protecci\u00f3n de sus derechos, as\u00ed como mecanismo de prevenci\u00f3n frente a cualquier forma de explotaci\u00f3n infantil.<\/p>\n","protected":false},"excerpt":{"rendered":"<p>La Comisar\u00eda de Familia y la Secretar\u00eda T\u00e9cnica del CIETI, en articulaci\u00f3n con la Casa del Menor Marco<\/p>\n","protected":false},"author":1,"featured_media":40279,"comment_status":"open","ping_status":"open","sticky":false,"template":"","format":"standard","meta":{"om_disable_all_campaigns":false,"_monsterinsights_skip_tracking":false,"_monsterinsights_sitenote_active":false,"_monsterinsights_sitenote_note":"","_monsterinsights_sitenote_category":0,"footnotes":""},"categories":[1],"tags":[],"class_list":["post-40285","post","type-post","status-publish","format-standard","has-post-thumbnail","hentry","category-uncategorized"],"aioseo_notices":[],"_links":{"self":[{"href":"https:\/\/www.boyacaleinforma.com\/index.php?rest_route=\/wp\/v2\/posts\/40285","targetHints":{"allow":["GET"]}}],"collection":[{"href":"https:\/\/www.boyacaleinforma.com\/index.php?rest_route=\/wp\/v2\/posts"}],"about":[{"href":"https:\/\/www.boyacaleinforma.com\/index.php?rest_route=\/wp\/v2\/types\/post"}],"author":[{"embeddable":true,"href":"https:\/\/www.boyacaleinforma.com\/index.php?rest_route=\/wp\/v2\/users\/1"}],"replies":[{"embeddable":true,"href":"https:\/\/www.boyacaleinforma.com\/index.php?rest_route=%2Fwp%2Fv2%2Fcomments&post=40285"}],"version-history":[{"count":0,"href":"https:\/\/www.boyacaleinforma.com\/index.php?rest_route=\/wp\/v2\/posts\/40285\/revisions"}],"wp:featuredmedia":[{"embeddable":true,"href":"https:\/\/www.boyacaleinforma.com\/index.php?rest_route=\/wp\/v2\/media\/40279"}],"wp:attachment":[{"href":"https:\/\/www.boyacaleinforma.com\/index.php?rest_route=%2Fwp%2Fv2%2Fmedia&parent=40285"}],"wp:term":[{"taxonomy":"category","embeddable":true,"href":"https:\/\/www.boyacaleinforma.com\/index.php?rest_route=%2Fwp%2Fv2%2Fcategories&post=40285"},{"taxonomy":"post_tag","embeddable":true,"href":"https:\/\/www.boyacaleinforma.com\/index.php?rest_route=%2Fwp%2Fv2%2Ftags&post=40285"}],"curies":[{"name":"wp","href":"https:\/\/api.w.org\/{rel}","templated":true}]}}